{"id":1089,"date":"2021-05-05T20:25:46","date_gmt":"2021-05-05T20:25:46","guid":{"rendered":"https:\/\/ceupe.com.ar\/blog\/?p=924"},"modified":"2023-03-28T13:26:26","modified_gmt":"2023-03-28T13:26:26","slug":"la-comunicacion-en-la-gestion-de-proyectos","status":"publish","type":"post","link":"https:\/\/ceupe.com.ar\/blog\/la-comunicacion-en-la-gestion-de-proyectos\/","title":{"rendered":"La comunicaci\u00f3n en la gesti\u00f3n de proyectos"},"content":{"rendered":"\n<p>La <strong>comunicaci\u00f3n <\/strong>permite dentro de la <strong>gesti\u00f3n de proyectos <\/strong>incluir los procesos que sean necesarios para garantizar la selecci\u00f3n, distribuci\u00f3n, dep\u00f3sito, rescate. As\u00ed como, las habilidades en cuanto a la informaci\u00f3n dentro de una gesti\u00f3n de proyecto. En donde la comunicaci\u00f3n efectiva establece un puente entre aquellos que se encuentren involucrados en la gesti\u00f3n del proyecto.<\/p>\n\n\n\n<p>Mediante la implementaci\u00f3n de este proceso es posible aseverar lo que se obtendr\u00e1 y el suministro de la informaci\u00f3n que requiere determinada persona. As\u00ed como, las implicaciones que determinan los modelos y las t\u00e9cnicas con base en las teor\u00edas que maneja la comunicaci\u00f3n dentro del \u00e1mbito administrativo.<\/p>\n\n\n\n<p>Son muchas las preguntas que pueden hacerse al respecto, \u00bfqu\u00e9 informaci\u00f3n es necesaria? \u00bfEn qu\u00e9 momento ser\u00e1 importante? As\u00ed que se requieren de habilidades indispensables para la gesti\u00f3n en los proyectos, tomando en cuenta que <strong>la comunicaci\u00f3n es importante para el desarrollo de la gesti\u00f3n y la obtenci\u00f3n de resultados favorables<\/strong>.<\/p>\n\n\n\n<h2 class=\"wp-block-heading\">\u00bfQu\u00e9 es la comunicaci\u00f3n en la gesti\u00f3n de proyectos?<\/h2>\n\n\n\n<p>La <strong>comunicaci\u00f3n <\/strong>en la <strong>gesti\u00f3n de proyectos <\/strong>promueve la reciprocidad de informaci\u00f3n entre los stakeholders integrados al proyecto. En donde se ejecuta en gran medida la informaci\u00f3n para que esta sea manejada de forma comprensible y sin que existan tergiversaciones en el proceso.<\/p>\n\n\n\n<p>Es as\u00ed como toda la informaci\u00f3n lograr\u00e1 ser comprendida y manejada correctamente. De all\u00ed que la gesti\u00f3n logre agregar los procesos fundamentales para que la informaci\u00f3n se encuentre oportunamente. All\u00ed se incorporan todos los niveles organizacionales y las perspectivas e intereses diversos que existen.<\/p>\n\n\n\n<h2 class=\"wp-block-heading\">Dimensiones de la comunicaci\u00f3n en los procesos de gesti\u00f3n<\/h2>\n\n\n\n<p>Algunas de las dimensiones que puede llegar a comprender la <strong>comunicaci\u00f3n<\/strong> en los procesos de gesti\u00f3n y que deben tenerse en cuenta son:<\/p>\n\n\n\n<ul class=\"wp-block-list\">\n<li>Los procesos internos y externos en la organizaci\u00f3n.<\/li>\n\n\n\n<li>La presentaci\u00f3n de documentos formales e informales precisos.<\/li>\n\n\n\n<li>La comunicaci\u00f3n vertical en todos los niveles de la organizaci\u00f3n.<\/li>\n\n\n\n<li>La emisi\u00f3n de informaci\u00f3n oficial y no oficial.<\/li>\n\n\n\n<li>La comunicaci\u00f3n mediante el uso de lenguaje corporal y lenguaje verbal.<\/li>\n<\/ul>\n\n\n\n<p>Habilidades a desarrollar en la comunicaci\u00f3n<\/p>\n\n\n\n<p><strong>Muchas de las habilidades insertas dentro de la comunicaci\u00f3n y que deben ser aplicadas en la gesti\u00f3n de proyectos se encuentran relacionadas con la direcci\u00f3n general<\/strong> de la organizaci\u00f3n, as\u00ed como, a la direcci\u00f3n general de los proyectos, estas son:<\/p>\n\n\n\n<ul class=\"wp-block-list\">\n<li>Atenci\u00f3n eficiente de la comunicaci\u00f3n.<\/li>\n\n\n\n<li>Sondeo de las ideas elementales para una mayor comprensi\u00f3n.<\/li>\n\n\n\n<li>Formaci\u00f3n para aumentar las capacidades del equipo en cuanto a conocimientos.<\/li>\n\n\n\n<li>Investigaci\u00f3n acerca de la informaci\u00f3n para que la misma sea confirmada.<\/li>\n\n\n\n<li>Identificaci\u00f3n y gesti\u00f3n de las expectativas.<\/li>\n\n\n\n<li>Persuasi\u00f3n al momento de realizar las acciones.<\/li>\n\n\n\n<li>Negociaci\u00f3n entre las partes para los acuerdos.<\/li>\n\n\n\n<li>Resoluci\u00f3n de conflictos con el fin de prevenir el impacto negativo.<\/li>\n\n\n\n<li>Identificar, resumir y sintetizar las etapas.<\/li>\n<\/ul>\n\n\n\n<h2 class=\"wp-block-heading\">La creaci\u00f3n de un plan de comunicaciones integrado a una gesti\u00f3n de proyecto<\/h2>\n\n\n\n<p>Para lograr crear un plan basado en la <strong>comunicaci\u00f3n <\/strong>para la <strong>gesti\u00f3n de proyectos <\/strong>se debe seguir ciertas pautas:<\/p>\n\n\n\n<p>Consideraci\u00f3n de las medidas<\/p>\n\n\n\n<p>Los planes para una comunicaci\u00f3n efectiva no necesariamente debe escribirse formalmente. Sin importar las presentaciones, es imprescindible definir las estrategias y los objetivos del plan, tomando en cuenta los par\u00e1metros del proyecto, en donde se plasmen las medidas, la informaci\u00f3n de la empresa, el tiempo de entrega y el equipo que conforma el proyecto.<\/p>\n\n\n\n<p>Definir las metas y los interesados<\/p>\n\n\n\n<p>Es importante destacar cu\u00e1les son los n\u00fameros de entrega y los \u00e1mbitos que se encuentren interesados en las \u00e1reas claves del proyecto. En donde, se deben agregar los objetivos y estableciendo la <strong>comunicaci\u00f3n<\/strong> que se mantendr\u00e1 con los clientes y con el equipo de trabajo. Al enumerar estas condiciones ser\u00e1 mucho m\u00e1s sencillo seguirlas como tareas a seguir y servir\u00e1 de gu\u00eda para los integrantes del grupo.<\/p>\n\n\n\n<p>Concebir el plan de comunicaci\u00f3n<\/p>\n\n\n\n<p>Partiendo de este punto la concepci\u00f3n del plan debe ser definitiva. En donde se plasme el enfoque de lo que deber\u00e1s emitir en el curso del proyecto. Tomando en consideraci\u00f3n los tiempos de comunicaci\u00f3n&nbsp; hacia los clientes y los temas a incluir en los mismos. Si deseas que tu proyecto tenga \u00e9xito, en gran medida depender\u00e1 de los procesos de comunicaci\u00f3n que emplees.<\/p>\n\n\n\n<h2 class=\"wp-block-heading\">Proceso de gesti\u00f3n de la comunicaci\u00f3n<\/h2>\n\n\n\n<p>Para el proceso de la <strong>comunicaci\u00f3n<\/strong> dentro &nbsp;de la <strong>gesti\u00f3n de proyectos<\/strong> es fundamental la planificaci\u00f3n de la gesti\u00f3n, en donde se determinen cu\u00e1les son las necesidades. Seguidamente, gestionar las mismas, creando y distribuyendo toda la informaci\u00f3n que resulte de los procesos.<\/p>\n\n\n\n<p>Finalmente, es imprescindible controlar la informaci\u00f3n que se maneje, a lo largo del proceso de la gesti\u00f3n, asegurando que las necesidades sean integradas al proyecto, en donde finalmente se atiendan.<\/p>\n\n\n\n<h2 class=\"wp-block-heading\">La importancia de esta habilidad para una gesti\u00f3n de proyecto<\/h2>\n\n\n\n<p>La <strong>comunicaci\u00f3n<\/strong> posee la capacidad para que una <strong>gesti\u00f3n de proyectos<\/strong> pueda ser efectuada eficientemente. En donde se establezcan las prioridades y las responsabilidades que los integrantes del equipo desarrollen. Si bien es cierto ninguna gesti\u00f3n iniciara sin que exista un plan de comunicaci\u00f3n, por lo que el mismo debe ser discutido y analizado.<\/p>\n\n\n\n<p><strong>Un plan es capaz de definir como ser\u00e1 el proceso de comunicaci\u00f3n a lo largo de la gesti\u00f3n del proyecto<\/strong>. Quien estar\u00e1 a cargo de la misma y la frecuencia con la cual se haga, bas\u00e1ndose en&nbsp; las metas y las actividades desempe\u00f1adas en todo el proceso.<\/p>\n\n\n\n<p>La comunicaci\u00f3n siempre ser\u00e1 fundamental en las relaciones laborales y aquella que se mantenga con los clientes. Por lo tanto, una planificaci\u00f3n certera te brindar\u00e1 la posibilidad de comprender lo que suceda y lo que esta por venir.<\/p>\n\n\n\n<p>Si deseas desarrollarte como un profesional experto en este \u00e1mbito, solo debes ingresar a una <strong><a href=\"https:\/\/ceupelatam.com\/maestria-project-management-cesuma\/\" target=\"_blank\" rel=\"noreferrer noopener\">Maestr\u00eda online en Project Management<\/a> <\/strong>y asegurar que tus capacidades en la gesti\u00f3n de proyectos y sobre todo en la comunicaci\u00f3n podr\u00e1 ser mucho m\u00e1s efectiva.<\/p>\n","protected":false},"excerpt":{"rendered":"<p>La comunicaci\u00f3n permite dentro de la gesti\u00f3n de proyectos incluir los procesos que sean necesarios para garantizar la selecci\u00f3n, distribuci\u00f3n, dep\u00f3sito, rescate. As\u00ed como, las habilidades en cuanto a la informaci\u00f3n dentro de una gesti\u00f3n de proyecto. En donde la comunicaci\u00f3n efectiva establece un puente entre aquellos que se encuentren involucrados en la gesti\u00f3n del [&hellip;]<\/p>\n","protected":false},"author":1,"featured_media":1090,"comment_status":"open","ping_status":"open","sticky":false,"template":"","format":"standard","meta":{"footnotes":""},"categories":[20],"tags":[],"wf_post_folders":[],"class_list":{"0":"post-1089","1":"post","2":"type-post","3":"status-publish","4":"format-standard","5":"has-post-thumbnail","7":"category-project-management"},"yoast_head":"<!-- This site is optimized with the Yoast SEO plugin v22.6 - https:\/\/yoast.com\/wordpress\/plugins\/seo\/ -->\n<title>La comunicaci\u00f3n en la gesti\u00f3n de proyectos - Maestr\u00edas Online<\/title>\n<meta name=\"description\" content=\"La comunicaci\u00f3n es esencial en el proceso de la gesti\u00f3n de proyectos, permitiendo que las estructuras se mantengan dentro de la planificaci\u00f3n.\" \/>\n<meta name=\"robots\" content=\"index, follow, max-snippet:-1, max-image-preview:large, max-video-preview:-1\" \/>\n<link rel=\"canonical\" href=\"https:\/\/ceupe.com.ar\/blog\/la-comunicacion-en-la-gestion-de-proyectos\/\" \/>\n<meta property=\"og:locale\" content=\"es_ES\" \/>\n<meta property=\"og:type\" content=\"article\" \/>\n<meta property=\"og:title\" content=\"La comunicaci\u00f3n en la gesti\u00f3n de proyectos - Maestr\u00edas Online\" \/>\n<meta property=\"og:description\" content=\"La comunicaci\u00f3n es esencial en el proceso de la gesti\u00f3n de proyectos, permitiendo que las estructuras se mantengan dentro de la planificaci\u00f3n.\" \/>\n<meta property=\"og:url\" content=\"https:\/\/ceupe.com.ar\/blog\/la-comunicacion-en-la-gestion-de-proyectos\/\" \/>\n<meta property=\"og:site_name\" content=\"Maestr\u00edas Online\" \/>\n<meta property=\"article:published_time\" content=\"2021-05-05T20:25:46+00:00\" \/>\n<meta property=\"article:modified_time\" content=\"2023-03-28T13:26:26+00:00\" \/>\n<meta property=\"og:image\" content=\"https:\/\/ceupe.com.ar\/blog\/wp-content\/uploads\/2021\/05\/01-20-1.jpg\" \/>\n\t<meta property=\"og:image:width\" content=\"1000\" \/>\n\t<meta property=\"og:image:height\" content=\"667\" \/>\n\t<meta property=\"og:image:type\" content=\"image\/jpeg\" \/>\n<meta name=\"author\" content=\"admin\" \/>\n<meta name=\"twitter:card\" content=\"summary_large_image\" \/>\n<meta name=\"twitter:label1\" content=\"Escrito por\" \/>\n\t<meta name=\"twitter:data1\" content=\"admin\" \/>\n\t<meta name=\"twitter:label2\" content=\"Tiempo de lectura\" \/>\n\t<meta name=\"twitter:data2\" content=\"5 minutos\" \/>\n<script type=\"application\/ld+json\" class=\"yoast-schema-graph\">{\"@context\":\"https:\/\/schema.org\",\"@graph\":[{\"@type\":\"WebPage\",\"@id\":\"https:\/\/ceupe.com.ar\/blog\/la-comunicacion-en-la-gestion-de-proyectos\/\",\"url\":\"https:\/\/ceupe.com.ar\/blog\/la-comunicacion-en-la-gestion-de-proyectos\/\",\"name\":\"La comunicaci\u00f3n en la gesti\u00f3n de proyectos - Maestr\u00edas Online\",\"isPartOf\":{\"@id\":\"https:\/\/ceupe.com.ar\/blog\/#website\"},\"primaryImageOfPage\":{\"@id\":\"https:\/\/ceupe.com.ar\/blog\/la-comunicacion-en-la-gestion-de-proyectos\/#primaryimage\"},\"image\":{\"@id\":\"https:\/\/ceupe.com.ar\/blog\/la-comunicacion-en-la-gestion-de-proyectos\/#primaryimage\"},\"thumbnailUrl\":\"https:\/\/ceupe.com.ar\/blog\/wp-content\/uploads\/2021\/05\/01-20-1.jpg\",\"datePublished\":\"2021-05-05T20:25:46+00:00\",\"dateModified\":\"2023-03-28T13:26:26+00:00\",\"author\":{\"@id\":\"https:\/\/ceupe.com.ar\/blog\/#\/schema\/person\/c80ad0d710ec7f4dbd658262a8eeb9f5\"},\"description\":\"La comunicaci\u00f3n es esencial en el proceso de la gesti\u00f3n de proyectos, permitiendo que las estructuras se mantengan dentro de la planificaci\u00f3n.\",\"breadcrumb\":{\"@id\":\"https:\/\/ceupe.com.ar\/blog\/la-comunicacion-en-la-gestion-de-proyectos\/#breadcrumb\"},\"inLanguage\":\"es\",\"potentialAction\":[{\"@type\":\"ReadAction\",\"target\":[\"https:\/\/ceupe.com.ar\/blog\/la-comunicacion-en-la-gestion-de-proyectos\/\"]}]},{\"@type\":\"ImageObject\",\"inLanguage\":\"es\",\"@id\":\"https:\/\/ceupe.com.ar\/blog\/la-comunicacion-en-la-gestion-de-proyectos\/#primaryimage\",\"url\":\"https:\/\/ceupe.com.ar\/blog\/wp-content\/uploads\/2021\/05\/01-20-1.jpg\",\"contentUrl\":\"https:\/\/ceupe.com.ar\/blog\/wp-content\/uploads\/2021\/05\/01-20-1.jpg\",\"width\":1000,\"height\":667},{\"@type\":\"BreadcrumbList\",\"@id\":\"https:\/\/ceupe.com.ar\/blog\/la-comunicacion-en-la-gestion-de-proyectos\/#breadcrumb\",\"itemListElement\":[{\"@type\":\"ListItem\",\"position\":1,\"name\":\"Portada\",\"item\":\"https:\/\/ceupe.com.ar\/blog\/\"},{\"@type\":\"ListItem\",\"position\":2,\"name\":\"La comunicaci\u00f3n en la gesti\u00f3n de proyectos\"}]},{\"@type\":\"WebSite\",\"@id\":\"https:\/\/ceupe.com.ar\/blog\/#website\",\"url\":\"https:\/\/ceupe.com.ar\/blog\/\",\"name\":\"Maestr\u00edas Online\",\"description\":\"Programas de Estudios Superiores Online a Distancia de Cursos, Maestr\u00edas y MBA\",\"potentialAction\":[{\"@type\":\"SearchAction\",\"target\":{\"@type\":\"EntryPoint\",\"urlTemplate\":\"https:\/\/ceupe.com.ar\/blog\/?s={search_term_string}\"},\"query-input\":\"required name=search_term_string\"}],\"inLanguage\":\"es\"},{\"@type\":\"Person\",\"@id\":\"https:\/\/ceupe.com.ar\/blog\/#\/schema\/person\/c80ad0d710ec7f4dbd658262a8eeb9f5\",\"name\":\"admin\",\"image\":{\"@type\":\"ImageObject\",\"inLanguage\":\"es\",\"@id\":\"https:\/\/ceupe.com.ar\/blog\/#\/schema\/person\/image\/\",\"url\":\"https:\/\/secure.gravatar.com\/avatar\/4d1e87bfdf3d3e06a908188637649f32101f5b498a8bb5c59d01eabedeaad1b2?s=96&d=mm&r=g\",\"contentUrl\":\"https:\/\/secure.gravatar.com\/avatar\/4d1e87bfdf3d3e06a908188637649f32101f5b498a8bb5c59d01eabedeaad1b2?s=96&d=mm&r=g\",\"caption\":\"admin\"},\"sameAs\":[\"https:\/\/ceupe.com.ar\/blog\"],\"url\":\"https:\/\/ceupe.com.ar\/blog\/author\/admin\/\"}]}<\/script>\n<!-- \/ Yoast SEO plugin. -->","yoast_head_json":{"title":"La comunicaci\u00f3n en la gesti\u00f3n de proyectos - Maestr\u00edas Online","description":"La comunicaci\u00f3n es esencial en el proceso de la gesti\u00f3n de proyectos, permitiendo que las estructuras se mantengan dentro de la planificaci\u00f3n.","robots":{"index":"index","follow":"follow","max-snippet":"max-snippet:-1","max-image-preview":"max-image-preview:large","max-video-preview":"max-video-preview:-1"},"canonical":"https:\/\/ceupe.com.ar\/blog\/la-comunicacion-en-la-gestion-de-proyectos\/","og_locale":"es_ES","og_type":"article","og_title":"La comunicaci\u00f3n en la gesti\u00f3n de proyectos - Maestr\u00edas Online","og_description":"La comunicaci\u00f3n es esencial en el proceso de la gesti\u00f3n de proyectos, permitiendo que las estructuras se mantengan dentro de la planificaci\u00f3n.","og_url":"https:\/\/ceupe.com.ar\/blog\/la-comunicacion-en-la-gestion-de-proyectos\/","og_site_name":"Maestr\u00edas Online","article_published_time":"2021-05-05T20:25:46+00:00","article_modified_time":"2023-03-28T13:26:26+00:00","og_image":[{"width":1000,"height":667,"url":"https:\/\/ceupe.com.ar\/blog\/wp-content\/uploads\/2021\/05\/01-20-1.jpg","type":"image\/jpeg"}],"author":"admin","twitter_card":"summary_large_image","twitter_misc":{"Escrito por":"admin","Tiempo de lectura":"5 minutos"},"schema":{"@context":"https:\/\/schema.org","@graph":[{"@type":"WebPage","@id":"https:\/\/ceupe.com.ar\/blog\/la-comunicacion-en-la-gestion-de-proyectos\/","url":"https:\/\/ceupe.com.ar\/blog\/la-comunicacion-en-la-gestion-de-proyectos\/","name":"La comunicaci\u00f3n en la gesti\u00f3n de proyectos - Maestr\u00edas Online","isPartOf":{"@id":"https:\/\/ceupe.com.ar\/blog\/#website"},"primaryImageOfPage":{"@id":"https:\/\/ceupe.com.ar\/blog\/la-comunicacion-en-la-gestion-de-proyectos\/#primaryimage"},"image":{"@id":"https:\/\/ceupe.com.ar\/blog\/la-comunicacion-en-la-gestion-de-proyectos\/#primaryimage"},"thumbnailUrl":"https:\/\/ceupe.com.ar\/blog\/wp-content\/uploads\/2021\/05\/01-20-1.jpg","datePublished":"2021-05-05T20:25:46+00:00","dateModified":"2023-03-28T13:26:26+00:00","author":{"@id":"https:\/\/ceupe.com.ar\/blog\/#\/schema\/person\/c80ad0d710ec7f4dbd658262a8eeb9f5"},"description":"La comunicaci\u00f3n es esencial en el proceso de la gesti\u00f3n de proyectos, permitiendo que las estructuras se mantengan dentro de la planificaci\u00f3n.","breadcrumb":{"@id":"https:\/\/ceupe.com.ar\/blog\/la-comunicacion-en-la-gestion-de-proyectos\/#breadcrumb"},"inLanguage":"es","potentialAction":[{"@type":"ReadAction","target":["https:\/\/ceupe.com.ar\/blog\/la-comunicacion-en-la-gestion-de-proyectos\/"]}]},{"@type":"ImageObject","inLanguage":"es","@id":"https:\/\/ceupe.com.ar\/blog\/la-comunicacion-en-la-gestion-de-proyectos\/#primaryimage","url":"https:\/\/ceupe.com.ar\/blog\/wp-content\/uploads\/2021\/05\/01-20-1.jpg","contentUrl":"https:\/\/ceupe.com.ar\/blog\/wp-content\/uploads\/2021\/05\/01-20-1.jpg","width":1000,"height":667},{"@type":"BreadcrumbList","@id":"https:\/\/ceupe.com.ar\/blog\/la-comunicacion-en-la-gestion-de-proyectos\/#breadcrumb","itemListElement":[{"@type":"ListItem","position":1,"name":"Portada","item":"https:\/\/ceupe.com.ar\/blog\/"},{"@type":"ListItem","position":2,"name":"La comunicaci\u00f3n en la gesti\u00f3n de proyectos"}]},{"@type":"WebSite","@id":"https:\/\/ceupe.com.ar\/blog\/#website","url":"https:\/\/ceupe.com.ar\/blog\/","name":"Maestr\u00edas Online","description":"Programas de Estudios Superiores Online a Distancia de Cursos, Maestr\u00edas y MBA","potentialAction":[{"@type":"SearchAction","target":{"@type":"EntryPoint","urlTemplate":"https:\/\/ceupe.com.ar\/blog\/?s={search_term_string}"},"query-input":"required name=search_term_string"}],"inLanguage":"es"},{"@type":"Person","@id":"https:\/\/ceupe.com.ar\/blog\/#\/schema\/person\/c80ad0d710ec7f4dbd658262a8eeb9f5","name":"admin","image":{"@type":"ImageObject","inLanguage":"es","@id":"https:\/\/ceupe.com.ar\/blog\/#\/schema\/person\/image\/","url":"https:\/\/secure.gravatar.com\/avatar\/4d1e87bfdf3d3e06a908188637649f32101f5b498a8bb5c59d01eabedeaad1b2?s=96&d=mm&r=g","contentUrl":"https:\/\/secure.gravatar.com\/avatar\/4d1e87bfdf3d3e06a908188637649f32101f5b498a8bb5c59d01eabedeaad1b2?s=96&d=mm&r=g","caption":"admin"},"sameAs":["https:\/\/ceupe.com.ar\/blog"],"url":"https:\/\/ceupe.com.ar\/blog\/author\/admin\/"}]}},"_links":{"self":[{"href":"https:\/\/ceupe.com.ar\/blog\/wp-json\/wp\/v2\/posts\/1089","targetHints":{"allow":["GET"]}}],"collection":[{"href":"https:\/\/ceupe.com.ar\/blog\/wp-json\/wp\/v2\/posts"}],"about":[{"href":"https:\/\/ceupe.com.ar\/blog\/wp-json\/wp\/v2\/types\/post"}],"author":[{"embeddable":true,"href":"https:\/\/ceupe.com.ar\/blog\/wp-json\/wp\/v2\/users\/1"}],"replies":[{"embeddable":true,"href":"https:\/\/ceupe.com.ar\/blog\/wp-json\/wp\/v2\/comments?post=1089"}],"version-history":[{"count":1,"href":"https:\/\/ceupe.com.ar\/blog\/wp-json\/wp\/v2\/posts\/1089\/revisions"}],"predecessor-version":[{"id":2000,"href":"https:\/\/ceupe.com.ar\/blog\/wp-json\/wp\/v2\/posts\/1089\/revisions\/2000"}],"wp:featuredmedia":[{"embeddable":true,"href":"https:\/\/ceupe.com.ar\/blog\/wp-json\/wp\/v2\/media\/1090"}],"wp:attachment":[{"href":"https:\/\/ceupe.com.ar\/blog\/wp-json\/wp\/v2\/media?parent=1089"}],"wp:term":[{"taxonomy":"category","embeddable":true,"href":"https:\/\/ceupe.com.ar\/blog\/wp-json\/wp\/v2\/categories?post=1089"},{"taxonomy":"post_tag","embeddable":true,"href":"https:\/\/ceupe.com.ar\/blog\/wp-json\/wp\/v2\/tags?post=1089"},{"taxonomy":"wf_post_folders","embeddable":true,"href":"https:\/\/ceupe.com.ar\/blog\/wp-json\/wp\/v2\/wf_post_folders?post=1089"}],"curies":[{"name":"wp","href":"https:\/\/api.w.org\/{rel}","templated":true}]}}