{"id":1147,"date":"2021-04-08T04:14:57","date_gmt":"2021-04-08T04:14:57","guid":{"rendered":"https:\/\/ceupe.com.ar\/blog\/?p=296"},"modified":"2023-03-28T14:05:54","modified_gmt":"2023-03-28T14:05:54","slug":"liderazgo-en-la-gestion-del-talento","status":"publish","type":"post","link":"https:\/\/ceupe.com.ar\/blog\/liderazgo-en-la-gestion-del-talento\/","title":{"rendered":"Liderazgo en la gesti\u00f3n del talento"},"content":{"rendered":"\n<h2 class=\"wp-block-heading\">El liderazgo como un talento motivador<\/h2>\n\n\n\n<p>Para lograr esto debe haber cambios tanto internos como externos en la persona, desde lo personal hasta lo profesional y as\u00ed aumentar las posibilidades de crecer d\u00eda a d\u00eda dentro de la organizaci\u00f3n. En donde se integren nuevas maneras de ver el mundo que les rodea, comportamientos innovadores y legitimidad dentro de la organizaci\u00f3n.<\/p>\n\n\n\n<h2 class=\"wp-block-heading\">Toda gesti\u00f3n de talento comienza desde la selecci\u00f3n de personal<\/h2>\n\n\n\n<p>Para poder tener un personal altamente competente y capacitado en cada una de las \u00e1reas de una organizaci\u00f3n, primero deben pasar varios m\u00e9todos de selecci\u00f3n.&nbsp; As\u00ed como, conocer en qu\u00e9 \u00e1reas determinadas colocar el personal para poder sacar el provecho al m\u00e1ximo de sus capacidades laborales y beneficiar a la compa\u00f1\u00eda.<\/p>\n\n\n\n<p>Como toda empresa, se debe realizar la b\u00fasqueda de un perfil del personal id\u00f3neo para ocupar el puesto requerido dentro de la misma, inicialmente la selecci\u00f3n se ejecuta internamente dentro de la organizaci\u00f3n, a su vez se da la oportunidad al personal de ascender dentro de la estructura y avanzar.<\/p>\n\n\n\n<p>Si no se encuentra el perfil que se requiere se expande la b\u00fasqueda externa, captando solicitudes con las mejores capacidades, tanto en lo profesional como en lo personal, para tener un complemento ideal.<\/p>\n\n\n\n<h2 class=\"wp-block-heading\">C\u00f3mo se afronta la formaci\u00f3n y desarrollo ante la gesti\u00f3n de talento<\/h2>\n\n\n\n<p>Toda empresa debe proporcionar al personal que labora en ella, un plan de prop\u00f3sitos o metas a alcanzar en un a\u00f1o, para lograr con ello que su desempe\u00f1o sea eficiente y logre sacar el m\u00e1ximo desarrollo de su personal. Debe trabajar en sus debilidades y fortalezas para lograr los objetivos trazados.<\/p>\n\n\n\n<p>Todo esto va de la mano y con la colaboraci\u00f3n que el l\u00edder le puede brindar a su personal, desde capacitaciones hasta la implementaci\u00f3n del coaching, percat\u00e1ndose siempre de que el personal cumpla las metas y los prop\u00f3sitos de la empresa.<\/p>\n\n\n\n<h2 class=\"wp-block-heading\">La gesti\u00f3n de talento y la retenci\u00f3n<\/h2>\n\n\n\n<p>Algo muy importante como compa\u00f1\u00eda es valorar la lealtad del personal que labora en ella, no hay mejor manera de gratificarlo que permitiendo que sus empleados demuestren que pueden expresar su talento y desempe\u00f1o dentro de la misma, as\u00ed poder avanzar dentro de la organizaci\u00f3n.<\/p>\n\n\n\n<p>Hoy en d\u00eda, va en aumento como el personal asume experiencias en otras \u00e1reas de mayor compromiso y responsabilidad dentro de la compa\u00f1\u00eda, motivados por alcanzar nuevas metas para crecer intelectual y personalmente. Por ende, debemos apoyar y brindar la colaboraci\u00f3n que necesiten para crecer y que al mismo tiempo sea provechoso para ambos&nbsp;<\/p>\n\n\n\n<h2 class=\"wp-block-heading\">C\u00f3mo hacer efectiva una sucesi\u00f3n&nbsp;<\/h2>\n\n\n\n<p>Como compa\u00f1\u00eda, al a\u00f1o se debe hacer un sondeo el cual identificar\u00e1 los posibles l\u00edderes potenciales a futuro dentro de la empresa. Esto har\u00e1 que el proceso contin\u00fae siendo exitoso y poder mantener la sostenibilidad del&nbsp;<strong>liderazgo<\/strong>, el crecimiento y evoluci\u00f3n de los empleados dentro la misma, dando oportunidades desafiantes y gratificantes para el personal.<\/p>\n\n\n\n<p>Cabe destacar que un l\u00edder puede ser cualquiera dentro de la compa\u00f1\u00eda mostrando el desempe\u00f1o que se amerita para ello, desafi\u00e1ndose y formando una parte clave para la compa\u00f1\u00eda.<\/p>\n\n\n\n<h2 class=\"wp-block-heading\">Qu\u00e9 se necesita para ser un buen l\u00edder<\/h2>\n\n\n\n<p>El&nbsp;<strong>liderazgo<\/strong>&nbsp;cuenta con bases para poder llegar a triunfar en una empresa, tambi\u00e9n cabe destacar que para eso hay que tener en cuenta las normativas, valores, \u00e9tica y estrategias que establezca la compa\u00f1\u00eda para su desarrollo y crecimiento.<\/p>\n\n\n\n<p>Un l\u00edder debe poseer lo siguiente:<\/p>\n\n\n\n<ul class=\"wp-block-list\">\n<li>Un l\u00edder debe tener una meta, lograr un objetivo a corto, mediano y largo plazo. Inspirar a su personal a participar y esforzarse para cumplir dicha meta.<\/li>\n\n\n\n<li>Se debe contar con estrategias para poder saber c\u00f3mo llevar a cabo sus prop\u00f3sitos y a su vez tener varias opciones, por si no resulta alguna.<\/li>\n\n\n\n<li>Un buen l\u00edder cuenta con personas que se sientan motivadas a trabajar para alcanzar las mismas metas y se sientan comprometidos con la compa\u00f1\u00eda y los objetivos trazados, ya sea profesional o personalmente.<\/li>\n\n\n\n<li>Los l\u00edderes deben manejar autoridad para mover recursos y brindar apoyo necesario al personal para su crecimiento dentro de ella, sea log\u00edstico, monetario, entre otras.<\/li>\n\n\n\n<li>Un l\u00edder escucha a su personal, permite que aporten ideas y lo ve desde varios puntos de vista, para llegar a una conclusi\u00f3n que sea provechosa para todos.<\/li>\n<\/ul>\n\n\n\n<p>El esfuerzo y la pr\u00e1ctica constante hacen que el \u00e9xito sea seguro, como l\u00edder deben proporcionar a su personal la capacidad de poder enfrentar nuevos retos y desaf\u00edos, lograr conseguir soluciones pr\u00e1cticas y viables por s\u00ed solos, mejorar sus prop\u00f3sitos y capacidades dentro de la misma. Para llegar a obtener mayores conocimientos, puedes optar por realizar una<a href=\"https:\/\/digital.ceupe.com\/pd-master-en-direccion-y-gestion-de-recursos-humanos\/\">\u00a0<\/a><a href=\"https:\/\/ceupelatam.com\/maestria-recursos-humanos-universidad-cesuma\/\" target=\"_blank\" rel=\"noreferrer noopener\">Maestr\u00eda online en Recursos Humanos<\/a>, an\u00edmate y da lo mejor a tu empresa.<\/p>\n","protected":false},"excerpt":{"rendered":"<p>El liderazgo como un talento motivador Para lograr esto debe haber cambios tanto internos como externos en la persona, desde lo personal hasta lo profesional y as\u00ed aumentar las posibilidades de crecer d\u00eda a d\u00eda dentro de la organizaci\u00f3n. En donde se integren nuevas maneras de ver el mundo que les rodea, comportamientos innovadores y [&hellip;]<\/p>\n","protected":false},"author":1,"featured_media":1148,"comment_status":"open","ping_status":"open","sticky":false,"template":"","format":"standard","meta":{"footnotes":""},"categories":[21],"tags":[22],"wf_post_folders":[],"class_list":{"0":"post-1147","1":"post","2":"type-post","3":"status-publish","4":"format-standard","5":"has-post-thumbnail","7":"category-recursos-humanos","8":"tag-liderazgo"},"yoast_head":"<!-- This site is optimized with the Yoast SEO plugin v22.6 - https:\/\/yoast.com\/wordpress\/plugins\/seo\/ -->\n<title>Liderazgo en la gesti\u00f3n del talento - Maestr\u00edas Online<\/title>\n<meta name=\"description\" content=\"Las organizaciones crecen a medida que las personas dan lo mejor de s\u00ed e inspiran a los dem\u00e1s. A esto se le llama liderazgo. Solo un buen l\u00edder pude dar lo mejor de s\u00ed e inspirar a los dem\u00e1s a seguir su ejemplo.\" \/>\n<meta name=\"robots\" content=\"index, follow, max-snippet:-1, max-image-preview:large, max-video-preview:-1\" \/>\n<link rel=\"canonical\" href=\"https:\/\/ceupe.com.ar\/blog\/liderazgo-en-la-gestion-del-talento\/\" \/>\n<meta property=\"og:locale\" content=\"es_ES\" \/>\n<meta property=\"og:type\" content=\"article\" \/>\n<meta property=\"og:title\" content=\"Liderazgo en la gesti\u00f3n del talento - Maestr\u00edas Online\" \/>\n<meta property=\"og:description\" content=\"Las organizaciones crecen a medida que las personas dan lo mejor de s\u00ed e inspiran a los dem\u00e1s. A esto se le llama liderazgo. Solo un buen l\u00edder pude dar lo mejor de s\u00ed e inspirar a los dem\u00e1s a seguir su ejemplo.\" \/>\n<meta property=\"og:url\" content=\"https:\/\/ceupe.com.ar\/blog\/liderazgo-en-la-gestion-del-talento\/\" \/>\n<meta property=\"og:site_name\" content=\"Maestr\u00edas Online\" \/>\n<meta property=\"article:published_time\" content=\"2021-04-08T04:14:57+00:00\" \/>\n<meta property=\"article:modified_time\" content=\"2023-03-28T14:05:54+00:00\" \/>\n<meta property=\"og:image\" content=\"https:\/\/ceupe.com.ar\/blog\/wp-content\/uploads\/2021\/04\/Liderazgo-en-la-gestion-del-talento.jpg\" \/>\n\t<meta property=\"og:image:width\" content=\"1000\" \/>\n\t<meta property=\"og:image:height\" content=\"667\" \/>\n\t<meta property=\"og:image:type\" content=\"image\/jpeg\" \/>\n<meta name=\"author\" content=\"admin\" \/>\n<meta name=\"twitter:card\" content=\"summary_large_image\" \/>\n<meta name=\"twitter:label1\" content=\"Escrito por\" \/>\n\t<meta name=\"twitter:data1\" content=\"admin\" \/>\n\t<meta name=\"twitter:label2\" content=\"Tiempo de lectura\" \/>\n\t<meta name=\"twitter:data2\" content=\"4 minutos\" \/>\n<script type=\"application\/ld+json\" class=\"yoast-schema-graph\">{\"@context\":\"https:\/\/schema.org\",\"@graph\":[{\"@type\":\"WebPage\",\"@id\":\"https:\/\/ceupe.com.ar\/blog\/liderazgo-en-la-gestion-del-talento\/\",\"url\":\"https:\/\/ceupe.com.ar\/blog\/liderazgo-en-la-gestion-del-talento\/\",\"name\":\"Liderazgo en la gesti\u00f3n del talento - Maestr\u00edas Online\",\"isPartOf\":{\"@id\":\"https:\/\/ceupe.com.ar\/blog\/#website\"},\"primaryImageOfPage\":{\"@id\":\"https:\/\/ceupe.com.ar\/blog\/liderazgo-en-la-gestion-del-talento\/#primaryimage\"},\"image\":{\"@id\":\"https:\/\/ceupe.com.ar\/blog\/liderazgo-en-la-gestion-del-talento\/#primaryimage\"},\"thumbnailUrl\":\"https:\/\/ceupe.com.ar\/blog\/wp-content\/uploads\/2021\/04\/Liderazgo-en-la-gestion-del-talento.jpg\",\"datePublished\":\"2021-04-08T04:14:57+00:00\",\"dateModified\":\"2023-03-28T14:05:54+00:00\",\"author\":{\"@id\":\"https:\/\/ceupe.com.ar\/blog\/#\/schema\/person\/c80ad0d710ec7f4dbd658262a8eeb9f5\"},\"description\":\"Las organizaciones crecen a medida que las personas dan lo mejor de s\u00ed e inspiran a los dem\u00e1s. A esto se le llama liderazgo. Solo un buen l\u00edder pude dar lo mejor de s\u00ed e inspirar a los dem\u00e1s a seguir su ejemplo.\",\"breadcrumb\":{\"@id\":\"https:\/\/ceupe.com.ar\/blog\/liderazgo-en-la-gestion-del-talento\/#breadcrumb\"},\"inLanguage\":\"es\",\"potentialAction\":[{\"@type\":\"ReadAction\",\"target\":[\"https:\/\/ceupe.com.ar\/blog\/liderazgo-en-la-gestion-del-talento\/\"]}]},{\"@type\":\"ImageObject\",\"inLanguage\":\"es\",\"@id\":\"https:\/\/ceupe.com.ar\/blog\/liderazgo-en-la-gestion-del-talento\/#primaryimage\",\"url\":\"https:\/\/ceupe.com.ar\/blog\/wp-content\/uploads\/2021\/04\/Liderazgo-en-la-gestion-del-talento.jpg\",\"contentUrl\":\"https:\/\/ceupe.com.ar\/blog\/wp-content\/uploads\/2021\/04\/Liderazgo-en-la-gestion-del-talento.jpg\",\"width\":1000,\"height\":667},{\"@type\":\"BreadcrumbList\",\"@id\":\"https:\/\/ceupe.com.ar\/blog\/liderazgo-en-la-gestion-del-talento\/#breadcrumb\",\"itemListElement\":[{\"@type\":\"ListItem\",\"position\":1,\"name\":\"Portada\",\"item\":\"https:\/\/ceupe.com.ar\/blog\/\"},{\"@type\":\"ListItem\",\"position\":2,\"name\":\"Liderazgo en la gesti\u00f3n del talento\"}]},{\"@type\":\"WebSite\",\"@id\":\"https:\/\/ceupe.com.ar\/blog\/#website\",\"url\":\"https:\/\/ceupe.com.ar\/blog\/\",\"name\":\"Maestr\u00edas Online\",\"description\":\"Programas de Estudios Superiores Online a Distancia de Cursos, Maestr\u00edas y MBA\",\"potentialAction\":[{\"@type\":\"SearchAction\",\"target\":{\"@type\":\"EntryPoint\",\"urlTemplate\":\"https:\/\/ceupe.com.ar\/blog\/?s={search_term_string}\"},\"query-input\":\"required name=search_term_string\"}],\"inLanguage\":\"es\"},{\"@type\":\"Person\",\"@id\":\"https:\/\/ceupe.com.ar\/blog\/#\/schema\/person\/c80ad0d710ec7f4dbd658262a8eeb9f5\",\"name\":\"admin\",\"image\":{\"@type\":\"ImageObject\",\"inLanguage\":\"es\",\"@id\":\"https:\/\/ceupe.com.ar\/blog\/#\/schema\/person\/image\/\",\"url\":\"https:\/\/secure.gravatar.com\/avatar\/4d1e87bfdf3d3e06a908188637649f32101f5b498a8bb5c59d01eabedeaad1b2?s=96&d=mm&r=g\",\"contentUrl\":\"https:\/\/secure.gravatar.com\/avatar\/4d1e87bfdf3d3e06a908188637649f32101f5b498a8bb5c59d01eabedeaad1b2?s=96&d=mm&r=g\",\"caption\":\"admin\"},\"sameAs\":[\"https:\/\/ceupe.com.ar\/blog\"],\"url\":\"https:\/\/ceupe.com.ar\/blog\/author\/admin\/\"}]}<\/script>\n<!-- \/ Yoast SEO plugin. -->","yoast_head_json":{"title":"Liderazgo en la gesti\u00f3n del talento - Maestr\u00edas Online","description":"Las organizaciones crecen a medida que las personas dan lo mejor de s\u00ed e inspiran a los dem\u00e1s. A esto se le llama liderazgo. Solo un buen l\u00edder pude dar lo mejor de s\u00ed e inspirar a los dem\u00e1s a seguir su ejemplo.","robots":{"index":"index","follow":"follow","max-snippet":"max-snippet:-1","max-image-preview":"max-image-preview:large","max-video-preview":"max-video-preview:-1"},"canonical":"https:\/\/ceupe.com.ar\/blog\/liderazgo-en-la-gestion-del-talento\/","og_locale":"es_ES","og_type":"article","og_title":"Liderazgo en la gesti\u00f3n del talento - Maestr\u00edas Online","og_description":"Las organizaciones crecen a medida que las personas dan lo mejor de s\u00ed e inspiran a los dem\u00e1s. A esto se le llama liderazgo. Solo un buen l\u00edder pude dar lo mejor de s\u00ed e inspirar a los dem\u00e1s a seguir su ejemplo.","og_url":"https:\/\/ceupe.com.ar\/blog\/liderazgo-en-la-gestion-del-talento\/","og_site_name":"Maestr\u00edas Online","article_published_time":"2021-04-08T04:14:57+00:00","article_modified_time":"2023-03-28T14:05:54+00:00","og_image":[{"width":1000,"height":667,"url":"https:\/\/ceupe.com.ar\/blog\/wp-content\/uploads\/2021\/04\/Liderazgo-en-la-gestion-del-talento.jpg","type":"image\/jpeg"}],"author":"admin","twitter_card":"summary_large_image","twitter_misc":{"Escrito por":"admin","Tiempo de lectura":"4 minutos"},"schema":{"@context":"https:\/\/schema.org","@graph":[{"@type":"WebPage","@id":"https:\/\/ceupe.com.ar\/blog\/liderazgo-en-la-gestion-del-talento\/","url":"https:\/\/ceupe.com.ar\/blog\/liderazgo-en-la-gestion-del-talento\/","name":"Liderazgo en la gesti\u00f3n del talento - Maestr\u00edas Online","isPartOf":{"@id":"https:\/\/ceupe.com.ar\/blog\/#website"},"primaryImageOfPage":{"@id":"https:\/\/ceupe.com.ar\/blog\/liderazgo-en-la-gestion-del-talento\/#primaryimage"},"image":{"@id":"https:\/\/ceupe.com.ar\/blog\/liderazgo-en-la-gestion-del-talento\/#primaryimage"},"thumbnailUrl":"https:\/\/ceupe.com.ar\/blog\/wp-content\/uploads\/2021\/04\/Liderazgo-en-la-gestion-del-talento.jpg","datePublished":"2021-04-08T04:14:57+00:00","dateModified":"2023-03-28T14:05:54+00:00","author":{"@id":"https:\/\/ceupe.com.ar\/blog\/#\/schema\/person\/c80ad0d710ec7f4dbd658262a8eeb9f5"},"description":"Las organizaciones crecen a medida que las personas dan lo mejor de s\u00ed e inspiran a los dem\u00e1s. A esto se le llama liderazgo. Solo un buen l\u00edder pude dar lo mejor de s\u00ed e inspirar a los dem\u00e1s a seguir su ejemplo.","breadcrumb":{"@id":"https:\/\/ceupe.com.ar\/blog\/liderazgo-en-la-gestion-del-talento\/#breadcrumb"},"inLanguage":"es","potentialAction":[{"@type":"ReadAction","target":["https:\/\/ceupe.com.ar\/blog\/liderazgo-en-la-gestion-del-talento\/"]}]},{"@type":"ImageObject","inLanguage":"es","@id":"https:\/\/ceupe.com.ar\/blog\/liderazgo-en-la-gestion-del-talento\/#primaryimage","url":"https:\/\/ceupe.com.ar\/blog\/wp-content\/uploads\/2021\/04\/Liderazgo-en-la-gestion-del-talento.jpg","contentUrl":"https:\/\/ceupe.com.ar\/blog\/wp-content\/uploads\/2021\/04\/Liderazgo-en-la-gestion-del-talento.jpg","width":1000,"height":667},{"@type":"BreadcrumbList","@id":"https:\/\/ceupe.com.ar\/blog\/liderazgo-en-la-gestion-del-talento\/#breadcrumb","itemListElement":[{"@type":"ListItem","position":1,"name":"Portada","item":"https:\/\/ceupe.com.ar\/blog\/"},{"@type":"ListItem","position":2,"name":"Liderazgo en la gesti\u00f3n del talento"}]},{"@type":"WebSite","@id":"https:\/\/ceupe.com.ar\/blog\/#website","url":"https:\/\/ceupe.com.ar\/blog\/","name":"Maestr\u00edas Online","description":"Programas de Estudios Superiores Online a Distancia de Cursos, Maestr\u00edas y MBA","potentialAction":[{"@type":"SearchAction","target":{"@type":"EntryPoint","urlTemplate":"https:\/\/ceupe.com.ar\/blog\/?s={search_term_string}"},"query-input":"required name=search_term_string"}],"inLanguage":"es"},{"@type":"Person","@id":"https:\/\/ceupe.com.ar\/blog\/#\/schema\/person\/c80ad0d710ec7f4dbd658262a8eeb9f5","name":"admin","image":{"@type":"ImageObject","inLanguage":"es","@id":"https:\/\/ceupe.com.ar\/blog\/#\/schema\/person\/image\/","url":"https:\/\/secure.gravatar.com\/avatar\/4d1e87bfdf3d3e06a908188637649f32101f5b498a8bb5c59d01eabedeaad1b2?s=96&d=mm&r=g","contentUrl":"https:\/\/secure.gravatar.com\/avatar\/4d1e87bfdf3d3e06a908188637649f32101f5b498a8bb5c59d01eabedeaad1b2?s=96&d=mm&r=g","caption":"admin"},"sameAs":["https:\/\/ceupe.com.ar\/blog"],"url":"https:\/\/ceupe.com.ar\/blog\/author\/admin\/"}]}},"_links":{"self":[{"href":"https:\/\/ceupe.com.ar\/blog\/wp-json\/wp\/v2\/posts\/1147","targetHints":{"allow":["GET"]}}],"collection":[{"href":"https:\/\/ceupe.com.ar\/blog\/wp-json\/wp\/v2\/posts"}],"about":[{"href":"https:\/\/ceupe.com.ar\/blog\/wp-json\/wp\/v2\/types\/post"}],"author":[{"embeddable":true,"href":"https:\/\/ceupe.com.ar\/blog\/wp-json\/wp\/v2\/users\/1"}],"replies":[{"embeddable":true,"href":"https:\/\/ceupe.com.ar\/blog\/wp-json\/wp\/v2\/comments?post=1147"}],"version-history":[{"count":1,"href":"https:\/\/ceupe.com.ar\/blog\/wp-json\/wp\/v2\/posts\/1147\/revisions"}],"predecessor-version":[{"id":2038,"href":"https:\/\/ceupe.com.ar\/blog\/wp-json\/wp\/v2\/posts\/1147\/revisions\/2038"}],"wp:featuredmedia":[{"embeddable":true,"href":"https:\/\/ceupe.com.ar\/blog\/wp-json\/wp\/v2\/media\/1148"}],"wp:attachment":[{"href":"https:\/\/ceupe.com.ar\/blog\/wp-json\/wp\/v2\/media?parent=1147"}],"wp:term":[{"taxonomy":"category","embeddable":true,"href":"https:\/\/ceupe.com.ar\/blog\/wp-json\/wp\/v2\/categories?post=1147"},{"taxonomy":"post_tag","embeddable":true,"href":"https:\/\/ceupe.com.ar\/blog\/wp-json\/wp\/v2\/tags?post=1147"},{"taxonomy":"wf_post_folders","embeddable":true,"href":"https:\/\/ceupe.com.ar\/blog\/wp-json\/wp\/v2\/wf_post_folders?post=1147"}],"curies":[{"name":"wp","href":"https:\/\/api.w.org\/{rel}","templated":true}]}}