{"id":655,"date":"2021-08-24T00:47:13","date_gmt":"2021-08-24T00:47:13","guid":{"rendered":"https:\/\/ceupe.com.ar\/blog\/?p=2042"},"modified":"2023-03-27T14:45:21","modified_gmt":"2023-03-27T14:45:21","slug":"etica-corporativa-sabes-de-que-se-trata","status":"publish","type":"post","link":"https:\/\/ceupe.com.ar\/blog\/etica-corporativa-sabes-de-que-se-trata\/","title":{"rendered":"\u00c9tica corporativa \u00bfSabes de qu\u00e9 se trata?"},"content":{"rendered":"\n<p><strong>Tener \u00e9tica corporativa significa cultivar principios en los individuos, tener valores que siempre ofrecer\u00e1n un valor agregado a cada elemento de la sociedad.<\/strong> En la actualidad la moral y la \u00e9tica son valores escasos pero muy apreciados. Diferentes campos de estudio se han enfocado en inculcar modelos de gesti\u00f3n que alimenten sentido de pertenencia y acci\u00f3n social.<\/p>\n\n\n\n<p>Son muchos los factores que radican en c\u00f3mo deber\u00eda ser un gerente, sin embargo, la <strong>\u00e9tica corporativa <\/strong>es un requisito fundamental. Las destrezas de un gerente que domine este arte resultan infinitas. Adem\u00e1s de impactar favorablemente el ambiente en el que se desarrolle.<\/p>\n\n\n\n<h2 class=\"wp-block-heading\">\u00c9tica corporativa, definici\u00f3n&nbsp;<\/h2>\n\n\n\n<p><strong>La \u00e9tica corporativa se puede interpretar de muchas maneras, como una ciencia, un estudio, una disciplina, incluso como una habilidad.<\/strong> Sin embargo, todas sus interpretaciones conllevan a lo mismo, a las habilidades de un individuo u organizaci\u00f3n para enfrentar conflictos y situaciones controversiales.&nbsp;<\/p>\n\n\n\n<p>Esto significa que la organizaci\u00f3n que le infunda obedece las leyes gubernamentales, es objetivo con sus empleados y contribuye a la sociedad. Los gerentes o administradores que realicen sus operaciones mediante esta metodolog\u00eda. Siempre eval\u00faan si sus acciones son buenas o malas.&nbsp;<\/p>\n\n\n\n<h2 class=\"wp-block-heading\">Bases fundamentales de la \u00e9tica corporativa<\/h2>\n\n\n\n<p>La estructura organizacional bajo esta t\u00e9cnica deber\u00e1 instalarse desde el inicio de sus operaciones y perdurar en la vida de la empresa. Su estudio como ciencia implica una amplia base de t\u00e9cnicas, sin embargo todas ellas tienen en com\u00fan unas bases fundamentales.&nbsp;<\/p>\n\n\n\n<p><strong>Dichos principios garantizan la optimizaci\u00f3n de los procesos y el camino al \u00e9xito<\/strong>. Estas son las leyes b\u00e1sicas de la \u00e9tica corporativa, se pueden nombrar:<\/p>\n\n\n\n<h3 class=\"wp-block-heading\">Honestidad y Equidad&nbsp;<\/h3>\n\n\n\n<p><strong>Un proceso honesto infunde confiabilidad, la transparencia en cada paso impacta positivamente a todos los protagonistas de la organizaci\u00f3n.<\/strong> Los gerentes toman decisiones fiables, los clientes y socios creen en sus procesos y en sus informes. Y los empleados son motivados por aquellas organizaciones que son \u00edntegras en sus actividades.<\/p>\n\n\n\n<p>El trato en igualdad y en justicia tambi\u00e9n es una base fundamental en la <strong>\u00e9tica corporativa. <\/strong>Cada individuo es igual de valioso y merece un trato justo, fomentando un ambiente armonioso y sin injusticia, por lo tanto, mayor efectividad y eficiencia.&nbsp;<\/p>\n\n\n\n<h3 class=\"wp-block-heading\">Respeto<\/h3>\n\n\n\n<p>Aceptar, reconocer y cumplir son aptitudes que se desarrollan mediante el respeto a los clientes, socios o empleados de la organizaci\u00f3n. <strong>Cuando un individuo recibe respeto desarrolla compromiso en cada proceso, pudi\u00e9ndose enfocar en resultados positivos y mejores situaciones.&nbsp;<\/strong><\/p>\n\n\n\n<p>El compromiso hacia quienes tratan con respeto se traduce en perdurabilidad y productividad, de eso se trata la <strong>\u00e9tica corporativa.<\/strong><\/p>\n\n\n\n<h3 class=\"wp-block-heading\">Cuidado y Atenci\u00f3n&nbsp;<\/h3>\n\n\n\n<p>Demostrar inter\u00e9s incentiva a los trabajadores a comprometerse hacia los objetivos del negocio. <strong>Sentirse cuidados, atendidos y escuchados es una gran virtud para aquellas organizaciones que aplican la \u00e9tica corporativa.<\/strong><\/p>\n\n\n\n<p>No solo se puede aplicar a sus trabajadores, sino tambi\u00e9n a socios, accionistas e incluso clientes. Posiciona competitivamente a la organizaci\u00f3n, incentiva la cooperaci\u00f3n y a crear sistemas de apoyo colectivo.<\/p>\n\n\n\n<h2 class=\"wp-block-heading\">Importancia de la \u00e9tica corporativa<\/h2>\n\n\n\n<p>Muchos son los beneficios que ofrece la <strong>\u00e9tica corporativa, <\/strong>puesto que le da cualidades espec\u00edficas a las organizaciones que la ejecuten. Se puede hacer menci\u00f3n a algunos fundamentos que le dan importancia a este tipo de estudio:<\/p>\n\n\n\n<ul class=\"wp-block-list\">\n<li>Le da una gu\u00eda a la organizaci\u00f3n de sus deberes legales. Al mantenerse seg\u00fan lo estipulado en las leyes evita que ning\u00fan trabajador, socio o cliente incurra en la ilegalidad.&nbsp;<\/li>\n\n\n\n<li>Ofrece un escenario de confianza, logrando as\u00ed que sus clientes lo consideren por encima de su mercado competitivo.&nbsp;<\/li>\n\n\n\n<li>Sus valores organizaciones pueden ser usados como lema o eslogan para dise\u00f1ar estrategias de mercado. Puede usarse la <strong>\u00e9tica corporativa <\/strong>de una manera astuta e inteligente<\/li>\n\n\n\n<li>Puede promover movimientos hacia el alcance de beneficios sociales.<\/li>\n\n\n\n<li>Atrae <a href=\"https:\/\/ceupe.com.ar\/blog\/reclutamiento-3-0-que-significa\/\" target=\"_blank\" rel=\"noreferrer noopener\">talento humano<\/a> de&nbsp; una manera m\u00e1s sencilla y con las mejores capacidades. Puesto que fomentan que el cuidado y la honestidad son sus bases fundamentales, atrayendo profesionales m\u00e1s f\u00e1cilmente.&nbsp;<\/li>\n<\/ul>\n\n\n\n<h2 class=\"wp-block-heading\">\u00c9tica corporativa y responsabilidad social, \u00bfes la misma cosa?<\/h2>\n\n\n\n<p>La respuesta es no, aunque tengan valores similares, <strong>la \u00e9tica corporativa persigue impactar e involucrar mediante sus pr\u00e1cticas a todos los involucrados. Aquellos<\/strong> forman parte y son part\u00edcipes de las tareas normales de la organizaci\u00f3n<strong>. <\/strong>Sus obligaciones no solo persiguen fines empresariales, sino sociales, o beneficiosos para empleados, socios o la misma competencia.&nbsp;<\/p>\n\n\n\n<p>Aqu\u00ed la diferencia con la responsabilidad social, debido a que esta solo pretende satisfacer una necesidad o deuda que se haya estimado que necesitan subsanar con la sociedad. Siendo la <strong>\u00e9tica corporativa <\/strong>con fines m\u00e1s complejos e integrados.<\/p>\n\n\n\n<p>Concebir una correcta aplicaci\u00f3n de la <strong>\u00e9tica empresarial <\/strong>tambi\u00e9n es sin\u00f3nimo de una buena imagen del negocio. Una buena percepci\u00f3n atrae m\u00e1s clientes, mejores empleados y da altos est\u00e1ndares en la organizaci\u00f3n.<\/p>\n\n\n\n<p>Se pueden disminuir o eliminar la deslealtad y la corrupci\u00f3n de los procesos. La informaci\u00f3n y los datos que manejan dichas organizaciones es llevada a cabo responsablemente. Los recursos financieros son percibidos, administrados e invertidos son usados correctamente.<\/p>\n\n\n\n<p>El desarrollo de sus actividades est\u00e1 relacionado con procesos razonables y c\u00f3nsonos con la realidad.&nbsp; Se fomenta el manejo de actividades libre administraci\u00f3n de recursos pero con moderaci\u00f3n hacia la \u00e9tica.&nbsp;<\/p>\n\n\n\n<p><strong>Es por esto que la \u00e9tica corporativa resulta una gran herramienta para lograr una gerencia diferente desde un \u00e1mbito correcto y profesional<\/strong>. Las organizaciones que se adentran en esta ciencia son exitosas e incluso cuentan con una buena imagen social y corporativa.&nbsp;<\/p>\n\n\n\n<p>Si quieres ser un experto en \u00e9tica corporativa y obtener todas las claves para ser un excelente gerente te recomendamos que te inscribas en la <a href=\"https:\/\/ceupelatam.com\/maestria-compliance-universidad-cesuma\/\" target=\"_blank\" rel=\"noreferrer noopener\">Maestr\u00eda de Corporate compliance<\/a>.\u00a0<\/p>\n","protected":false},"excerpt":{"rendered":"<p>Tener \u00e9tica corporativa significa cultivar principios en los individuos, tener valores que siempre ofrecer\u00e1n un valor agregado a cada elemento de la sociedad. En la actualidad la moral y la \u00e9tica son valores escasos pero muy apreciados. Diferentes campos de estudio se han enfocado en inculcar modelos de gesti\u00f3n que alimenten sentido de pertenencia y [&hellip;]<\/p>\n","protected":false},"author":1,"featured_media":656,"comment_status":"open","ping_status":"open","sticky":false,"template":"","format":"standard","meta":{"footnotes":""},"categories":[10],"tags":[],"wf_post_folders":[],"class_list":{"0":"post-655","1":"post","2":"type-post","3":"status-publish","4":"format-standard","5":"has-post-thumbnail","7":"category-compliance"},"yoast_head":"<!-- This site is optimized with the Yoast SEO plugin v22.6 - https:\/\/yoast.com\/wordpress\/plugins\/seo\/ -->\n<title>\u00c9tica corporativa \u00bfSabes de qu\u00e9 se trata? - Maestr\u00edas Online<\/title>\n<meta name=\"description\" content=\"En la \u00e9tica corporativa todas sus interpretaciones llevan a que las habilidades de un individuo u organizaci\u00f3n puedan enfrentar conflictos.\" \/>\n<meta name=\"robots\" content=\"index, follow, max-snippet:-1, max-image-preview:large, max-video-preview:-1\" \/>\n<link rel=\"canonical\" href=\"https:\/\/ceupe.com.ar\/blog\/etica-corporativa-sabes-de-que-se-trata\/\" \/>\n<meta property=\"og:locale\" content=\"es_ES\" \/>\n<meta property=\"og:type\" content=\"article\" \/>\n<meta property=\"og:title\" content=\"\u00c9tica corporativa \u00bfSabes de qu\u00e9 se trata? - Maestr\u00edas Online\" \/>\n<meta property=\"og:description\" content=\"En la \u00e9tica corporativa todas sus interpretaciones llevan a que las habilidades de un individuo u organizaci\u00f3n puedan enfrentar conflictos.\" \/>\n<meta property=\"og:url\" content=\"https:\/\/ceupe.com.ar\/blog\/etica-corporativa-sabes-de-que-se-trata\/\" \/>\n<meta property=\"og:site_name\" content=\"Maestr\u00edas Online\" \/>\n<meta property=\"article:published_time\" content=\"2021-08-24T00:47:13+00:00\" \/>\n<meta property=\"article:modified_time\" content=\"2023-03-27T14:45:21+00:00\" \/>\n<meta property=\"og:image\" content=\"https:\/\/ceupe.com.ar\/blog\/wp-content\/uploads\/2021\/08\/01-83-1.jpg\" \/>\n\t<meta property=\"og:image:width\" content=\"1000\" \/>\n\t<meta property=\"og:image:height\" content=\"667\" \/>\n\t<meta property=\"og:image:type\" content=\"image\/jpeg\" \/>\n<meta name=\"author\" content=\"admin\" \/>\n<meta name=\"twitter:card\" content=\"summary_large_image\" \/>\n<meta name=\"twitter:label1\" content=\"Escrito por\" \/>\n\t<meta name=\"twitter:data1\" content=\"admin\" \/>\n\t<meta name=\"twitter:label2\" content=\"Tiempo de lectura\" \/>\n\t<meta name=\"twitter:data2\" content=\"5 minutos\" \/>\n<script type=\"application\/ld+json\" class=\"yoast-schema-graph\">{\"@context\":\"https:\/\/schema.org\",\"@graph\":[{\"@type\":\"WebPage\",\"@id\":\"https:\/\/ceupe.com.ar\/blog\/etica-corporativa-sabes-de-que-se-trata\/\",\"url\":\"https:\/\/ceupe.com.ar\/blog\/etica-corporativa-sabes-de-que-se-trata\/\",\"name\":\"\u00c9tica corporativa \u00bfSabes de qu\u00e9 se trata? - Maestr\u00edas Online\",\"isPartOf\":{\"@id\":\"https:\/\/ceupe.com.ar\/blog\/#website\"},\"primaryImageOfPage\":{\"@id\":\"https:\/\/ceupe.com.ar\/blog\/etica-corporativa-sabes-de-que-se-trata\/#primaryimage\"},\"image\":{\"@id\":\"https:\/\/ceupe.com.ar\/blog\/etica-corporativa-sabes-de-que-se-trata\/#primaryimage\"},\"thumbnailUrl\":\"https:\/\/ceupe.com.ar\/blog\/wp-content\/uploads\/2021\/08\/01-83-1.jpg\",\"datePublished\":\"2021-08-24T00:47:13+00:00\",\"dateModified\":\"2023-03-27T14:45:21+00:00\",\"author\":{\"@id\":\"https:\/\/ceupe.com.ar\/blog\/#\/schema\/person\/c80ad0d710ec7f4dbd658262a8eeb9f5\"},\"description\":\"En la \u00e9tica corporativa todas sus interpretaciones llevan a que las habilidades de un individuo u organizaci\u00f3n puedan enfrentar conflictos.\",\"breadcrumb\":{\"@id\":\"https:\/\/ceupe.com.ar\/blog\/etica-corporativa-sabes-de-que-se-trata\/#breadcrumb\"},\"inLanguage\":\"es\",\"potentialAction\":[{\"@type\":\"ReadAction\",\"target\":[\"https:\/\/ceupe.com.ar\/blog\/etica-corporativa-sabes-de-que-se-trata\/\"]}]},{\"@type\":\"ImageObject\",\"inLanguage\":\"es\",\"@id\":\"https:\/\/ceupe.com.ar\/blog\/etica-corporativa-sabes-de-que-se-trata\/#primaryimage\",\"url\":\"https:\/\/ceupe.com.ar\/blog\/wp-content\/uploads\/2021\/08\/01-83-1.jpg\",\"contentUrl\":\"https:\/\/ceupe.com.ar\/blog\/wp-content\/uploads\/2021\/08\/01-83-1.jpg\",\"width\":1000,\"height\":667},{\"@type\":\"BreadcrumbList\",\"@id\":\"https:\/\/ceupe.com.ar\/blog\/etica-corporativa-sabes-de-que-se-trata\/#breadcrumb\",\"itemListElement\":[{\"@type\":\"ListItem\",\"position\":1,\"name\":\"Portada\",\"item\":\"https:\/\/ceupe.com.ar\/blog\/\"},{\"@type\":\"ListItem\",\"position\":2,\"name\":\"\u00c9tica corporativa \u00bfSabes de qu\u00e9 se trata?\"}]},{\"@type\":\"WebSite\",\"@id\":\"https:\/\/ceupe.com.ar\/blog\/#website\",\"url\":\"https:\/\/ceupe.com.ar\/blog\/\",\"name\":\"Maestr\u00edas Online\",\"description\":\"Programas de Estudios Superiores Online a Distancia de Cursos, Maestr\u00edas y MBA\",\"potentialAction\":[{\"@type\":\"SearchAction\",\"target\":{\"@type\":\"EntryPoint\",\"urlTemplate\":\"https:\/\/ceupe.com.ar\/blog\/?s={search_term_string}\"},\"query-input\":\"required name=search_term_string\"}],\"inLanguage\":\"es\"},{\"@type\":\"Person\",\"@id\":\"https:\/\/ceupe.com.ar\/blog\/#\/schema\/person\/c80ad0d710ec7f4dbd658262a8eeb9f5\",\"name\":\"admin\",\"image\":{\"@type\":\"ImageObject\",\"inLanguage\":\"es\",\"@id\":\"https:\/\/ceupe.com.ar\/blog\/#\/schema\/person\/image\/\",\"url\":\"https:\/\/secure.gravatar.com\/avatar\/4d1e87bfdf3d3e06a908188637649f32101f5b498a8bb5c59d01eabedeaad1b2?s=96&d=mm&r=g\",\"contentUrl\":\"https:\/\/secure.gravatar.com\/avatar\/4d1e87bfdf3d3e06a908188637649f32101f5b498a8bb5c59d01eabedeaad1b2?s=96&d=mm&r=g\",\"caption\":\"admin\"},\"sameAs\":[\"https:\/\/ceupe.com.ar\/blog\"],\"url\":\"https:\/\/ceupe.com.ar\/blog\/author\/admin\/\"}]}<\/script>\n<!-- \/ Yoast SEO plugin. -->","yoast_head_json":{"title":"\u00c9tica corporativa \u00bfSabes de qu\u00e9 se trata? - Maestr\u00edas Online","description":"En la \u00e9tica corporativa todas sus interpretaciones llevan a que las habilidades de un individuo u organizaci\u00f3n puedan enfrentar conflictos.","robots":{"index":"index","follow":"follow","max-snippet":"max-snippet:-1","max-image-preview":"max-image-preview:large","max-video-preview":"max-video-preview:-1"},"canonical":"https:\/\/ceupe.com.ar\/blog\/etica-corporativa-sabes-de-que-se-trata\/","og_locale":"es_ES","og_type":"article","og_title":"\u00c9tica corporativa \u00bfSabes de qu\u00e9 se trata? - Maestr\u00edas Online","og_description":"En la \u00e9tica corporativa todas sus interpretaciones llevan a que las habilidades de un individuo u organizaci\u00f3n puedan enfrentar conflictos.","og_url":"https:\/\/ceupe.com.ar\/blog\/etica-corporativa-sabes-de-que-se-trata\/","og_site_name":"Maestr\u00edas Online","article_published_time":"2021-08-24T00:47:13+00:00","article_modified_time":"2023-03-27T14:45:21+00:00","og_image":[{"width":1000,"height":667,"url":"https:\/\/ceupe.com.ar\/blog\/wp-content\/uploads\/2021\/08\/01-83-1.jpg","type":"image\/jpeg"}],"author":"admin","twitter_card":"summary_large_image","twitter_misc":{"Escrito por":"admin","Tiempo de lectura":"5 minutos"},"schema":{"@context":"https:\/\/schema.org","@graph":[{"@type":"WebPage","@id":"https:\/\/ceupe.com.ar\/blog\/etica-corporativa-sabes-de-que-se-trata\/","url":"https:\/\/ceupe.com.ar\/blog\/etica-corporativa-sabes-de-que-se-trata\/","name":"\u00c9tica corporativa \u00bfSabes de qu\u00e9 se trata? - Maestr\u00edas Online","isPartOf":{"@id":"https:\/\/ceupe.com.ar\/blog\/#website"},"primaryImageOfPage":{"@id":"https:\/\/ceupe.com.ar\/blog\/etica-corporativa-sabes-de-que-se-trata\/#primaryimage"},"image":{"@id":"https:\/\/ceupe.com.ar\/blog\/etica-corporativa-sabes-de-que-se-trata\/#primaryimage"},"thumbnailUrl":"https:\/\/ceupe.com.ar\/blog\/wp-content\/uploads\/2021\/08\/01-83-1.jpg","datePublished":"2021-08-24T00:47:13+00:00","dateModified":"2023-03-27T14:45:21+00:00","author":{"@id":"https:\/\/ceupe.com.ar\/blog\/#\/schema\/person\/c80ad0d710ec7f4dbd658262a8eeb9f5"},"description":"En la \u00e9tica corporativa todas sus interpretaciones llevan a que las habilidades de un individuo u organizaci\u00f3n puedan enfrentar conflictos.","breadcrumb":{"@id":"https:\/\/ceupe.com.ar\/blog\/etica-corporativa-sabes-de-que-se-trata\/#breadcrumb"},"inLanguage":"es","potentialAction":[{"@type":"ReadAction","target":["https:\/\/ceupe.com.ar\/blog\/etica-corporativa-sabes-de-que-se-trata\/"]}]},{"@type":"ImageObject","inLanguage":"es","@id":"https:\/\/ceupe.com.ar\/blog\/etica-corporativa-sabes-de-que-se-trata\/#primaryimage","url":"https:\/\/ceupe.com.ar\/blog\/wp-content\/uploads\/2021\/08\/01-83-1.jpg","contentUrl":"https:\/\/ceupe.com.ar\/blog\/wp-content\/uploads\/2021\/08\/01-83-1.jpg","width":1000,"height":667},{"@type":"BreadcrumbList","@id":"https:\/\/ceupe.com.ar\/blog\/etica-corporativa-sabes-de-que-se-trata\/#breadcrumb","itemListElement":[{"@type":"ListItem","position":1,"name":"Portada","item":"https:\/\/ceupe.com.ar\/blog\/"},{"@type":"ListItem","position":2,"name":"\u00c9tica corporativa \u00bfSabes de qu\u00e9 se trata?"}]},{"@type":"WebSite","@id":"https:\/\/ceupe.com.ar\/blog\/#website","url":"https:\/\/ceupe.com.ar\/blog\/","name":"Maestr\u00edas Online","description":"Programas de Estudios Superiores Online a Distancia de Cursos, Maestr\u00edas y MBA","potentialAction":[{"@type":"SearchAction","target":{"@type":"EntryPoint","urlTemplate":"https:\/\/ceupe.com.ar\/blog\/?s={search_term_string}"},"query-input":"required name=search_term_string"}],"inLanguage":"es"},{"@type":"Person","@id":"https:\/\/ceupe.com.ar\/blog\/#\/schema\/person\/c80ad0d710ec7f4dbd658262a8eeb9f5","name":"admin","image":{"@type":"ImageObject","inLanguage":"es","@id":"https:\/\/ceupe.com.ar\/blog\/#\/schema\/person\/image\/","url":"https:\/\/secure.gravatar.com\/avatar\/4d1e87bfdf3d3e06a908188637649f32101f5b498a8bb5c59d01eabedeaad1b2?s=96&d=mm&r=g","contentUrl":"https:\/\/secure.gravatar.com\/avatar\/4d1e87bfdf3d3e06a908188637649f32101f5b498a8bb5c59d01eabedeaad1b2?s=96&d=mm&r=g","caption":"admin"},"sameAs":["https:\/\/ceupe.com.ar\/blog"],"url":"https:\/\/ceupe.com.ar\/blog\/author\/admin\/"}]}},"_links":{"self":[{"href":"https:\/\/ceupe.com.ar\/blog\/wp-json\/wp\/v2\/posts\/655","targetHints":{"allow":["GET"]}}],"collection":[{"href":"https:\/\/ceupe.com.ar\/blog\/wp-json\/wp\/v2\/posts"}],"about":[{"href":"https:\/\/ceupe.com.ar\/blog\/wp-json\/wp\/v2\/types\/post"}],"author":[{"embeddable":true,"href":"https:\/\/ceupe.com.ar\/blog\/wp-json\/wp\/v2\/users\/1"}],"replies":[{"embeddable":true,"href":"https:\/\/ceupe.com.ar\/blog\/wp-json\/wp\/v2\/comments?post=655"}],"version-history":[{"count":1,"href":"https:\/\/ceupe.com.ar\/blog\/wp-json\/wp\/v2\/posts\/655\/revisions"}],"predecessor-version":[{"id":1673,"href":"https:\/\/ceupe.com.ar\/blog\/wp-json\/wp\/v2\/posts\/655\/revisions\/1673"}],"wp:featuredmedia":[{"embeddable":true,"href":"https:\/\/ceupe.com.ar\/blog\/wp-json\/wp\/v2\/media\/656"}],"wp:attachment":[{"href":"https:\/\/ceupe.com.ar\/blog\/wp-json\/wp\/v2\/media?parent=655"}],"wp:term":[{"taxonomy":"category","embeddable":true,"href":"https:\/\/ceupe.com.ar\/blog\/wp-json\/wp\/v2\/categories?post=655"},{"taxonomy":"post_tag","embeddable":true,"href":"https:\/\/ceupe.com.ar\/blog\/wp-json\/wp\/v2\/tags?post=655"},{"taxonomy":"wf_post_folders","embeddable":true,"href":"https:\/\/ceupe.com.ar\/blog\/wp-json\/wp\/v2\/wf_post_folders?post=655"}],"curies":[{"name":"wp","href":"https:\/\/api.w.org\/{rel}","templated":true}]}}