{"id":955,"date":"2021-07-02T14:00:00","date_gmt":"2021-07-02T14:00:00","guid":{"rendered":"https:\/\/ceupe.com.ar\/blog\/?p=1889"},"modified":"2023-03-27T20:18:18","modified_gmt":"2023-03-27T20:18:18","slug":"relacion-entre-la-investigacion-social-y-politica","status":"publish","type":"post","link":"https:\/\/ceupe.com.ar\/blog\/relacion-entre-la-investigacion-social-y-politica\/","title":{"rendered":"Relaci\u00f3n entre la investigaci\u00f3n social y pol\u00edtica"},"content":{"rendered":"\n<p>Gracias a que la metodolog\u00eda utilizada en la <strong>investigaci\u00f3n social<\/strong> y pol\u00edtica se aboca al estudio de los fen\u00f3menos, interacciones, problem\u00e1ticas y costumbres de un grupo social. Se hace evidente la relaci\u00f3n tan estrecha que puede llegar tener la investigaci\u00f3n social y la pol\u00edtica.<\/p>\n\n\n\n<p>Y esto no solo sucede en relaci\u00f3n con el inter\u00e9s que debiera expresar el Estado de atacar las necesidades de la poblaci\u00f3n. Con base en ese conocimiento se debe llevar a cabo la implementaci\u00f3n de pol\u00edticas p\u00fablicas. Si no que adem\u00e1s la investigaci\u00f3n social se hace importante en la pol\u00edtica cuando es necesario un estudio social con fines electorales, solo por citar un ejemplo.<\/p>\n\n\n\n<p><strong>Al ser una ciencia social, la ciencia pol\u00edtica mantiene, en general, una relaci\u00f3n de cooperaci\u00f3n con la investigaci\u00f3n social<\/strong>. Debido a que la pol\u00edtica trabaja principalmente con las personas, en teor\u00eda, en su af\u00e1n de brindar soluciones a los problemas m\u00e1s comunes que afectan a la poblaci\u00f3n en general.<\/p>\n\n\n\n<h2 class=\"wp-block-heading\">Las ciencias sociales, investigaci\u00f3n social y pol\u00edtica<\/h2>\n\n\n\n<p>Dentro de la <strong>investigaci\u00f3n social<\/strong> y pol\u00edtica, las ciencias sociales pueden considerarse como un conjunto de disciplinas cuyos especialistas estudian. Con la finalidad de describir un fen\u00f3meno o problema humano, adem\u00e1s de hacerlo con el objetivo de aportar m\u00e9todos de abordaje del fen\u00f3meno. As\u00ed como, tambi\u00e9n la b\u00fasqueda de respuestas y soluciones a dichos problemas.<\/p>\n\n\n\n<p>Durante el estudio de las ciencias sociales, los investigadores en general se encuentran con al menos tres interrogantes. Las cuales tienden a ser comunes a la mayor\u00eda de proyectos de investigaci\u00f3n de un fen\u00f3meno social, o de los fen\u00f3menos humanos en general:<\/p>\n\n\n\n<ul class=\"wp-block-list\">\n<li>\u00bfQu\u00e9 clase de elementos explican las interrelaciones sociales?<\/li>\n\n\n\n<li>\u00bfCu\u00e1l es la raz\u00f3n que explica la existencia de los fen\u00f3menos y problemas sociales?<\/li>\n\n\n\n<li>\u00bfQu\u00e9 expectativas surgen despu\u00e9s de estudiar el origen de los fen\u00f3menos sociales?<\/li>\n<\/ul>\n\n\n\n<p>El conocimiento que se genera a partir del estudio de las ciencias sociales puede, entre otras cosas, estar destinado a la resoluci\u00f3n de problemas. Siendo estas las que afectan las condiciones favorables de vida de los ciudadanos. De igual forma, el estudio de las ciencias sociales tambi\u00e9n aporta informaci\u00f3n trascendental en cuanto a las causas y el contexto. Sobre todo, en el que se originan los problemas sociales, as\u00ed como tambi\u00e9n la influencia de dichos datos en el problema.<\/p>\n\n\n\n<p>Cuando se da el caso en el que las ciencias sociales se inclinan por la investigaci\u00f3n social de soluciones a los problemas que afectan el bienestar social. Se suele considerar que el estudio se desarrolla al servicio de las ciencias de la pol\u00edtica. Necesariamente, el estudio de las ciencias de la pol\u00edtica se relaciona directamente con otro campo de estudio m\u00e1s espec\u00edfico, el cual tiene que ver con el campo de las pol\u00edticas p\u00fablicas.<\/p>\n\n\n\n<h2 class=\"wp-block-heading\">\u00bfQu\u00e9 son las pol\u00edticas p\u00fablicas?<\/h2>\n\n\n\n<p>El estudio de las pol\u00edticas p\u00fablicas se dedica a profundizar en los problemas humanos que son de car\u00e1cter p\u00fablico. Siempre que dichos problemas se enmarquen en lo que las ciencias de la pol\u00edtica consideran como permisible entre sus distintos objetos de estudio.<\/p>\n\n\n\n<p>En otras palabras, <strong>cuando la investigaci\u00f3n social se dedica a desarrollar temas relacionados con problem\u00e1ticas de car\u00e1cter p\u00fablico se considera que act\u00faa en dentro del rango de especialidad <\/strong>las ciencias de la pol\u00edtica. Obteniendo as\u00ed una relaci\u00f3n directa entre diversas disciplinas, tal como se considera a la administraci\u00f3n p\u00fablica, la cual es un enfoque que se nutre de m\u00faltiples disciplinas.<\/p>\n\n\n\n<h3 class=\"wp-block-heading\">Finalidad y prestigio de las ciencias sociales en la investigaci\u00f3n social<\/h3>\n\n\n\n<p>En relaci\u00f3n con las ciencias de la pol\u00edtica y las pol\u00edticas p\u00fablicas, el m\u00e9todo empleado por las ciencias p\u00fablicas ha logrado una validez. Que explica por qu\u00e9 son fundamentales para la toma de decisiones desde la administraci\u00f3n p\u00fablica. Sobre todo, a la hora de dar soluci\u00f3n a los problemas que afectan el bienestar social. De hecho, el proceder de las ciencias sociales ha servido incluso como una gu\u00eda para la toma de decisiones importantes desde la pol\u00edtica.<\/p>\n\n\n\n<p>Sin embargo, a pesar de la mencionada validez que ostenta el proceder de las ciencias sociales, cuando se trata espec\u00edficamente de la relaci\u00f3n de estas con las pol\u00edticas p\u00fablicas, y dado que la administraci\u00f3n p\u00fablica es un campo interdisciplinario, en realidad no se ha llegado a un consenso acerca de qu\u00e9 es realmente la investigaci\u00f3n de pol\u00edticas p\u00fablicas.<\/p>\n\n\n\n<h2 class=\"wp-block-heading\">Las pol\u00edticas p\u00fablicas y su relaci\u00f3n con la investigaci\u00f3n social<\/h2>\n\n\n\n<p>La forma en que la <strong>investigaci\u00f3n social<\/strong> influye directamente en las pol\u00edticas p\u00fablicas y en la toma de decisiones desde la gesti\u00f3n p\u00fablica. Tiene que ver con el hecho de que el m\u00e9todo propuesto por las ciencias sociales aporta soluciones para abordar de forma m\u00e1s efectiva la mayor\u00eda de fen\u00f3menos sociales. Los cuales&nbsp; impactan tanto negativa como positivamente en la poblaci\u00f3n.<\/p>\n\n\n\n<p>La investigaci\u00f3n social puede considerarse como un instrumento fundamental en la gesti\u00f3n de un gobierno. Independientemente del tipo de gobierno y sus concepciones propias acerca de c\u00f3mo y cu\u00e1ndo tomar decisiones. Sin embargo, la investigaci\u00f3n social definitivamente aporta datos valiosos a la hora de dise\u00f1ar pol\u00edticas p\u00fablicas que realmente representen soluciones a la sociedad.<\/p>\n\n\n\n<h3 class=\"wp-block-heading\">Diferencia entre ciencias sociales y pol\u00edticas p\u00fablicas<\/h3>\n\n\n\n<p><strong>La diferencia fundamental entre la noci\u00f3n de pol\u00edticas p\u00fablicas y las ciencias sociales radica principalmente en que las pol\u00edticas p\u00fablicas.<\/strong> Las cuales surgen de una de las disciplinas que componen el conjunto de las ciencias sociales. Adem\u00e1s, cabe destacar que el principal punto en el que convergen ambos conceptos se relaciona con el inter\u00e9s por el estudio de los problemas sociales.<\/p>\n\n\n\n<p>Por otra parte, el estudio de las ciencias sociales demuestra un inter\u00e9s meramente cient\u00edfico. As\u00ed que las pol\u00edticas p\u00fablicas obedecen a intereses m\u00e1s espec\u00edficos e instrumentales, aunque siempre manteniendo fundamentos cient\u00edficos. Si te interesa seguir profundizando en esta clase temas, puedes realizar tu inscripci\u00f3n en una<a href=\"https:\/\/ceupe.com.ar\/programas\/maestria-sistemas-informacion-tecnologia.html\" target=\"_blank\" rel=\"noreferrer noopener\"> <\/a><a href=\"https:\/\/ceupelatam.com\/maestria-marketing-politico-cesuma\/\" target=\"_blank\" rel=\"noreferrer noopener\">Maestr\u00eda en Marketing Pol\u00edtico y Comunicaci\u00f3n<\/a>.<\/p>\n","protected":false},"excerpt":{"rendered":"<p>Gracias a que la metodolog\u00eda utilizada en la investigaci\u00f3n social y pol\u00edtica se aboca al estudio de los fen\u00f3menos, interacciones, problem\u00e1ticas y costumbres de un grupo social. Se hace evidente la relaci\u00f3n tan estrecha que puede llegar tener la investigaci\u00f3n social y la pol\u00edtica. Y esto no solo sucede en relaci\u00f3n con el inter\u00e9s que [&hellip;]<\/p>\n","protected":false},"author":1,"featured_media":956,"comment_status":"open","ping_status":"open","sticky":false,"template":"","format":"standard","meta":{"footnotes":""},"categories":[17],"tags":[],"wf_post_folders":[],"class_list":{"0":"post-955","1":"post","2":"type-post","3":"status-publish","4":"format-standard","5":"has-post-thumbnail","7":"category-marketing-politico"},"yoast_head":"<!-- This site is optimized with the Yoast SEO plugin v22.6 - https:\/\/yoast.com\/wordpress\/plugins\/seo\/ -->\n<title>Relaci\u00f3n entre la investigaci\u00f3n social y pol\u00edtica - Maestr\u00edas Online<\/title>\n<meta name=\"description\" content=\"La investigaci\u00f3n social y pol\u00edtica se centra en el inter\u00e9s de los Estados en solucionar los problemas de una poblaci\u00f3n dada.\" \/>\n<meta name=\"robots\" content=\"index, follow, max-snippet:-1, max-image-preview:large, max-video-preview:-1\" \/>\n<link rel=\"canonical\" href=\"https:\/\/ceupe.com.ar\/blog\/relacion-entre-la-investigacion-social-y-politica\/\" \/>\n<meta property=\"og:locale\" content=\"es_ES\" \/>\n<meta property=\"og:type\" content=\"article\" \/>\n<meta property=\"og:title\" content=\"Relaci\u00f3n entre la investigaci\u00f3n social y pol\u00edtica - Maestr\u00edas Online\" \/>\n<meta property=\"og:description\" content=\"La investigaci\u00f3n social y pol\u00edtica se centra en el inter\u00e9s de los Estados en solucionar los problemas de una poblaci\u00f3n dada.\" \/>\n<meta property=\"og:url\" content=\"https:\/\/ceupe.com.ar\/blog\/relacion-entre-la-investigacion-social-y-politica\/\" \/>\n<meta property=\"og:site_name\" content=\"Maestr\u00edas Online\" \/>\n<meta property=\"article:published_time\" content=\"2021-07-02T14:00:00+00:00\" \/>\n<meta property=\"article:modified_time\" content=\"2023-03-27T20:18:18+00:00\" \/>\n<meta property=\"og:image\" content=\"https:\/\/ceupe.com.ar\/blog\/wp-content\/uploads\/2021\/06\/01-7.jpg\" \/>\n\t<meta property=\"og:image:width\" content=\"1000\" \/>\n\t<meta property=\"og:image:height\" content=\"667\" \/>\n\t<meta property=\"og:image:type\" content=\"image\/jpeg\" \/>\n<meta name=\"author\" content=\"admin\" \/>\n<meta name=\"twitter:card\" content=\"summary_large_image\" \/>\n<meta name=\"twitter:label1\" content=\"Escrito por\" \/>\n\t<meta name=\"twitter:data1\" content=\"admin\" \/>\n\t<meta name=\"twitter:label2\" content=\"Tiempo de lectura\" \/>\n\t<meta name=\"twitter:data2\" content=\"5 minutos\" \/>\n<script type=\"application\/ld+json\" class=\"yoast-schema-graph\">{\"@context\":\"https:\/\/schema.org\",\"@graph\":[{\"@type\":\"WebPage\",\"@id\":\"https:\/\/ceupe.com.ar\/blog\/relacion-entre-la-investigacion-social-y-politica\/\",\"url\":\"https:\/\/ceupe.com.ar\/blog\/relacion-entre-la-investigacion-social-y-politica\/\",\"name\":\"Relaci\u00f3n entre la investigaci\u00f3n social y pol\u00edtica - Maestr\u00edas Online\",\"isPartOf\":{\"@id\":\"https:\/\/ceupe.com.ar\/blog\/#website\"},\"primaryImageOfPage\":{\"@id\":\"https:\/\/ceupe.com.ar\/blog\/relacion-entre-la-investigacion-social-y-politica\/#primaryimage\"},\"image\":{\"@id\":\"https:\/\/ceupe.com.ar\/blog\/relacion-entre-la-investigacion-social-y-politica\/#primaryimage\"},\"thumbnailUrl\":\"https:\/\/ceupe.com.ar\/blog\/wp-content\/uploads\/2021\/06\/01-7.jpg\",\"datePublished\":\"2021-07-02T14:00:00+00:00\",\"dateModified\":\"2023-03-27T20:18:18+00:00\",\"author\":{\"@id\":\"https:\/\/ceupe.com.ar\/blog\/#\/schema\/person\/c80ad0d710ec7f4dbd658262a8eeb9f5\"},\"description\":\"La investigaci\u00f3n social y pol\u00edtica se centra en el inter\u00e9s de los Estados en solucionar los problemas de una poblaci\u00f3n dada.\",\"breadcrumb\":{\"@id\":\"https:\/\/ceupe.com.ar\/blog\/relacion-entre-la-investigacion-social-y-politica\/#breadcrumb\"},\"inLanguage\":\"es\",\"potentialAction\":[{\"@type\":\"ReadAction\",\"target\":[\"https:\/\/ceupe.com.ar\/blog\/relacion-entre-la-investigacion-social-y-politica\/\"]}]},{\"@type\":\"ImageObject\",\"inLanguage\":\"es\",\"@id\":\"https:\/\/ceupe.com.ar\/blog\/relacion-entre-la-investigacion-social-y-politica\/#primaryimage\",\"url\":\"https:\/\/ceupe.com.ar\/blog\/wp-content\/uploads\/2021\/06\/01-7.jpg\",\"contentUrl\":\"https:\/\/ceupe.com.ar\/blog\/wp-content\/uploads\/2021\/06\/01-7.jpg\",\"width\":1000,\"height\":667},{\"@type\":\"BreadcrumbList\",\"@id\":\"https:\/\/ceupe.com.ar\/blog\/relacion-entre-la-investigacion-social-y-politica\/#breadcrumb\",\"itemListElement\":[{\"@type\":\"ListItem\",\"position\":1,\"name\":\"Portada\",\"item\":\"https:\/\/ceupe.com.ar\/blog\/\"},{\"@type\":\"ListItem\",\"position\":2,\"name\":\"Relaci\u00f3n entre la investigaci\u00f3n social y pol\u00edtica\"}]},{\"@type\":\"WebSite\",\"@id\":\"https:\/\/ceupe.com.ar\/blog\/#website\",\"url\":\"https:\/\/ceupe.com.ar\/blog\/\",\"name\":\"Maestr\u00edas Online\",\"description\":\"Programas de Estudios Superiores Online a Distancia de Cursos, Maestr\u00edas y MBA\",\"potentialAction\":[{\"@type\":\"SearchAction\",\"target\":{\"@type\":\"EntryPoint\",\"urlTemplate\":\"https:\/\/ceupe.com.ar\/blog\/?s={search_term_string}\"},\"query-input\":\"required name=search_term_string\"}],\"inLanguage\":\"es\"},{\"@type\":\"Person\",\"@id\":\"https:\/\/ceupe.com.ar\/blog\/#\/schema\/person\/c80ad0d710ec7f4dbd658262a8eeb9f5\",\"name\":\"admin\",\"image\":{\"@type\":\"ImageObject\",\"inLanguage\":\"es\",\"@id\":\"https:\/\/ceupe.com.ar\/blog\/#\/schema\/person\/image\/\",\"url\":\"https:\/\/secure.gravatar.com\/avatar\/4d1e87bfdf3d3e06a908188637649f32101f5b498a8bb5c59d01eabedeaad1b2?s=96&d=mm&r=g\",\"contentUrl\":\"https:\/\/secure.gravatar.com\/avatar\/4d1e87bfdf3d3e06a908188637649f32101f5b498a8bb5c59d01eabedeaad1b2?s=96&d=mm&r=g\",\"caption\":\"admin\"},\"sameAs\":[\"https:\/\/ceupe.com.ar\/blog\"],\"url\":\"https:\/\/ceupe.com.ar\/blog\/author\/admin\/\"}]}<\/script>\n<!-- \/ Yoast SEO plugin. -->","yoast_head_json":{"title":"Relaci\u00f3n entre la investigaci\u00f3n social y pol\u00edtica - Maestr\u00edas Online","description":"La investigaci\u00f3n social y pol\u00edtica se centra en el inter\u00e9s de los Estados en solucionar los problemas de una poblaci\u00f3n dada.","robots":{"index":"index","follow":"follow","max-snippet":"max-snippet:-1","max-image-preview":"max-image-preview:large","max-video-preview":"max-video-preview:-1"},"canonical":"https:\/\/ceupe.com.ar\/blog\/relacion-entre-la-investigacion-social-y-politica\/","og_locale":"es_ES","og_type":"article","og_title":"Relaci\u00f3n entre la investigaci\u00f3n social y pol\u00edtica - Maestr\u00edas Online","og_description":"La investigaci\u00f3n social y pol\u00edtica se centra en el inter\u00e9s de los Estados en solucionar los problemas de una poblaci\u00f3n dada.","og_url":"https:\/\/ceupe.com.ar\/blog\/relacion-entre-la-investigacion-social-y-politica\/","og_site_name":"Maestr\u00edas Online","article_published_time":"2021-07-02T14:00:00+00:00","article_modified_time":"2023-03-27T20:18:18+00:00","og_image":[{"width":1000,"height":667,"url":"https:\/\/ceupe.com.ar\/blog\/wp-content\/uploads\/2021\/06\/01-7.jpg","type":"image\/jpeg"}],"author":"admin","twitter_card":"summary_large_image","twitter_misc":{"Escrito por":"admin","Tiempo de lectura":"5 minutos"},"schema":{"@context":"https:\/\/schema.org","@graph":[{"@type":"WebPage","@id":"https:\/\/ceupe.com.ar\/blog\/relacion-entre-la-investigacion-social-y-politica\/","url":"https:\/\/ceupe.com.ar\/blog\/relacion-entre-la-investigacion-social-y-politica\/","name":"Relaci\u00f3n entre la investigaci\u00f3n social y pol\u00edtica - Maestr\u00edas Online","isPartOf":{"@id":"https:\/\/ceupe.com.ar\/blog\/#website"},"primaryImageOfPage":{"@id":"https:\/\/ceupe.com.ar\/blog\/relacion-entre-la-investigacion-social-y-politica\/#primaryimage"},"image":{"@id":"https:\/\/ceupe.com.ar\/blog\/relacion-entre-la-investigacion-social-y-politica\/#primaryimage"},"thumbnailUrl":"https:\/\/ceupe.com.ar\/blog\/wp-content\/uploads\/2021\/06\/01-7.jpg","datePublished":"2021-07-02T14:00:00+00:00","dateModified":"2023-03-27T20:18:18+00:00","author":{"@id":"https:\/\/ceupe.com.ar\/blog\/#\/schema\/person\/c80ad0d710ec7f4dbd658262a8eeb9f5"},"description":"La investigaci\u00f3n social y pol\u00edtica se centra en el inter\u00e9s de los Estados en solucionar los problemas de una poblaci\u00f3n dada.","breadcrumb":{"@id":"https:\/\/ceupe.com.ar\/blog\/relacion-entre-la-investigacion-social-y-politica\/#breadcrumb"},"inLanguage":"es","potentialAction":[{"@type":"ReadAction","target":["https:\/\/ceupe.com.ar\/blog\/relacion-entre-la-investigacion-social-y-politica\/"]}]},{"@type":"ImageObject","inLanguage":"es","@id":"https:\/\/ceupe.com.ar\/blog\/relacion-entre-la-investigacion-social-y-politica\/#primaryimage","url":"https:\/\/ceupe.com.ar\/blog\/wp-content\/uploads\/2021\/06\/01-7.jpg","contentUrl":"https:\/\/ceupe.com.ar\/blog\/wp-content\/uploads\/2021\/06\/01-7.jpg","width":1000,"height":667},{"@type":"BreadcrumbList","@id":"https:\/\/ceupe.com.ar\/blog\/relacion-entre-la-investigacion-social-y-politica\/#breadcrumb","itemListElement":[{"@type":"ListItem","position":1,"name":"Portada","item":"https:\/\/ceupe.com.ar\/blog\/"},{"@type":"ListItem","position":2,"name":"Relaci\u00f3n entre la investigaci\u00f3n social y pol\u00edtica"}]},{"@type":"WebSite","@id":"https:\/\/ceupe.com.ar\/blog\/#website","url":"https:\/\/ceupe.com.ar\/blog\/","name":"Maestr\u00edas Online","description":"Programas de Estudios Superiores Online a Distancia de Cursos, Maestr\u00edas y MBA","potentialAction":[{"@type":"SearchAction","target":{"@type":"EntryPoint","urlTemplate":"https:\/\/ceupe.com.ar\/blog\/?s={search_term_string}"},"query-input":"required name=search_term_string"}],"inLanguage":"es"},{"@type":"Person","@id":"https:\/\/ceupe.com.ar\/blog\/#\/schema\/person\/c80ad0d710ec7f4dbd658262a8eeb9f5","name":"admin","image":{"@type":"ImageObject","inLanguage":"es","@id":"https:\/\/ceupe.com.ar\/blog\/#\/schema\/person\/image\/","url":"https:\/\/secure.gravatar.com\/avatar\/4d1e87bfdf3d3e06a908188637649f32101f5b498a8bb5c59d01eabedeaad1b2?s=96&d=mm&r=g","contentUrl":"https:\/\/secure.gravatar.com\/avatar\/4d1e87bfdf3d3e06a908188637649f32101f5b498a8bb5c59d01eabedeaad1b2?s=96&d=mm&r=g","caption":"admin"},"sameAs":["https:\/\/ceupe.com.ar\/blog"],"url":"https:\/\/ceupe.com.ar\/blog\/author\/admin\/"}]}},"_links":{"self":[{"href":"https:\/\/ceupe.com.ar\/blog\/wp-json\/wp\/v2\/posts\/955","targetHints":{"allow":["GET"]}}],"collection":[{"href":"https:\/\/ceupe.com.ar\/blog\/wp-json\/wp\/v2\/posts"}],"about":[{"href":"https:\/\/ceupe.com.ar\/blog\/wp-json\/wp\/v2\/types\/post"}],"author":[{"embeddable":true,"href":"https:\/\/ceupe.com.ar\/blog\/wp-json\/wp\/v2\/users\/1"}],"replies":[{"embeddable":true,"href":"https:\/\/ceupe.com.ar\/blog\/wp-json\/wp\/v2\/comments?post=955"}],"version-history":[{"count":1,"href":"https:\/\/ceupe.com.ar\/blog\/wp-json\/wp\/v2\/posts\/955\/revisions"}],"predecessor-version":[{"id":1890,"href":"https:\/\/ceupe.com.ar\/blog\/wp-json\/wp\/v2\/posts\/955\/revisions\/1890"}],"wp:featuredmedia":[{"embeddable":true,"href":"https:\/\/ceupe.com.ar\/blog\/wp-json\/wp\/v2\/media\/956"}],"wp:attachment":[{"href":"https:\/\/ceupe.com.ar\/blog\/wp-json\/wp\/v2\/media?parent=955"}],"wp:term":[{"taxonomy":"category","embeddable":true,"href":"https:\/\/ceupe.com.ar\/blog\/wp-json\/wp\/v2\/categories?post=955"},{"taxonomy":"post_tag","embeddable":true,"href":"https:\/\/ceupe.com.ar\/blog\/wp-json\/wp\/v2\/tags?post=955"},{"taxonomy":"wf_post_folders","embeddable":true,"href":"https:\/\/ceupe.com.ar\/blog\/wp-json\/wp\/v2\/wf_post_folders?post=955"}],"curies":[{"name":"wp","href":"https:\/\/api.w.org\/{rel}","templated":true}]}}