{"id":983,"date":"2021-05-31T20:56:16","date_gmt":"2021-05-31T20:56:16","guid":{"rendered":"https:\/\/ceupe.com.ar\/blog\/?p=1252"},"modified":"2023-03-28T12:36:38","modified_gmt":"2023-03-28T12:36:38","slug":"el-liderazgo-como-habilidad-directiva","status":"publish","type":"post","link":"https:\/\/ceupe.com.ar\/blog\/el-liderazgo-como-habilidad-directiva\/","title":{"rendered":"El liderazgo como habilidad directiva"},"content":{"rendered":"\n<p><strong>No se trata de que exista un m\u00e9todo exacto que permita que toda persona desarrolle el liderazgo como habilidad<\/strong>. Se trata de la adquisici\u00f3n de conocimientos, de la experiencia y de la aplicaci\u00f3n de t\u00e9cnicas y procedimientos que llevaran a un l\u00edder a desarrollarse. Puede tratarse del car\u00e1cter y de capacidades que permiten a este individuo tomar las decisiones acertadas, en el momento apropiado.<\/p>\n\n\n\n<p>Ahora bien, dentro de las organizaciones se organiza una gran cantidad de talento humano. Para lo que la empresa decidir\u00e1 como retenerlo, capacitarlo y motivarlo con el fin de lograr mayor excelencia de servicios y productos. De all\u00ed parte la idea de&nbsp; que existan diferentes tipos de talentos, todos de suma importancia para el logro de los objetivos.<\/p>\n\n\n\n<p>Existen roles que se destacan sobre otros, los cuales les permiten a las empresa una contribuci\u00f3n con el \u00e9xito mediante metas establecidas. Se encuentran aquellos niveles en los que est\u00e1n los responsables de labores o de grupos de trabajos. No trat\u00e1ndose de lo que son parte de los mandos medios o de la directiva. Asimismo, se encuentran las posiciones altas, en las que se desarrolla la gerencia o la direcci\u00f3n de la empresa.<\/p>\n\n\n\n<h2 class=\"wp-block-heading\">\u00bfQu\u00e9 es el liderazgo? \u00bfExiste el liderazgo como habilidad?<\/h2>\n\n\n\n<p>Se trata de una habilidad fundamental que se encuentra en determinadas personas. La cual es desarrollada en un entorno id\u00f3neo para darle sentido a las actividades que puede llegar a desarrollar. Se trata de una conducta relacionada con el car\u00e1cter y los m\u00e9todos que pudiese llegar a implementar para el logro de una categ\u00f3rica tarea. Es capaz de motivar y dirigir eficientemente un grupo de personas.<\/p>\n\n\n\n<p>En referencia a un l\u00edder con car\u00e1cter, se trata de un individuo que sea capaz de desarrollar car\u00e1cter para liderar equipos u organizaciones. Cuando se habla de car\u00e1cter se hace menci\u00f3n a un modelo propuesto por la direcci\u00f3n. En donde se busca de ampliar las capacidades de liderato para precisar de efectividad y consciencia.<\/p>\n\n\n\n<p>Tomando en consideraci\u00f3n el entorno en el cual deber\u00e1 desenvolverse. Asumiendo la responsabilidad que conlleva liderar grupos de trabajo o una empresa.<\/p>\n\n\n\n<h2 class=\"wp-block-heading\">\u00bfCu\u00e1les son los elementos del car\u00e1cter imprescindibles en un l\u00edder?<\/h2>\n\n\n\n<p>Existen siete elementos que son fundamentales para que un l\u00edder logre desarrollarse eficientemente:<\/p>\n\n\n\n<ul class=\"wp-block-list\">\n<li>Dentro de los valores positivos que debe manejar un l\u00edder, se encuentra la fe. Como elemento transformador que cambiara sus acciones y hechos.<\/li>\n\n\n\n<li>Una de las virtudes de un&nbsp; buen l\u00edder es la justicia, a trav\u00e9s de la cual podr\u00e1 tomar acciones en lo correcto y lo justo. Aun teniendo en cuenta que se pudiesen llegar a presentar situaciones dif\u00edciles y complicadas. Es preciso estimular al grupo de trabajo bajo estas premisas, siendo un factor fundamental.<\/li>\n\n\n\n<li>Es importante contra con humildad, condici\u00f3n que toda persona deber\u00eda siempre tener en cuenta. Sumado a caracter\u00edsticas como el auto-control y la pasi\u00f3n por el trabajo.<\/li>\n\n\n\n<li>Un l\u00edder debe promover la esperanza en el logro de las actividades, aun cuando el entorno sea el m\u00e1s complicado. Asimismo, con base en sus experiencias&nbsp; y conocimientos que posea la capacidad de nutrir sus capacidades.<\/li>\n\n\n\n<li>Poseer el coraje para lograr realizar las actividades con valent\u00eda y con la capacidad para enfrentar los retos y las oportunidades que surgen en el camino.<\/li>\n<\/ul>\n\n\n\n<h2 class=\"wp-block-heading\">Algunas de las destrezas directivas integradas al liderazgo como habilidad<\/h2>\n\n\n\n<p><strong>Algunas de las habilidades directivas que pueden integrarse como parte del liderazgo, son clasificadas en tres grupos establecidos como habilidades t\u00e9cnicas<\/strong>, habilidades humanas y habilidades conceptuales. Asimismo, dentro de tales categor\u00edas se definen otras tantas:<\/p>\n\n\n\n<h3 class=\"wp-block-heading\">Conocerse a s\u00ed mismo<\/h3>\n\n\n\n<p>Cuando se desea cumplir con capacidades de <strong>liderazgo<\/strong> efectivas es necesario conocerse a s\u00ed mismo, cuales son esas caracter\u00edsticas que te hacen m\u00e1s fuerte. Conocer un estilo de <strong>liderazgo como habilidad<\/strong> definido y c\u00f3mo puede relacionarse con el resto.<\/p>\n\n\n\n<h3 class=\"wp-block-heading\">Pensamiento estrat\u00e9gico en el liderazgo como habilidad<\/h3>\n\n\n\n<p>Tanto los empleados como aquellos que ocupan cargos de responsabilidad deben tener la capacidad de participaci\u00f3n y toma de decisiones con base en los objeticos y los planes estrat\u00e9gicos de la empresa.&nbsp;<\/p>\n\n\n\n<h3 class=\"wp-block-heading\">Gesti\u00f3n del conocimiento<\/h3>\n\n\n\n<p>Es importante conocer los medios de informaci\u00f3n que deben ser usados, tanto interno como externo. Poseer la capacidad de analizar y determinar cu\u00e1l es la informaci\u00f3n&nbsp; mas importante con base en la situaci\u00f3n. As\u00ed como, el proceso de integrar a los equipos para poder acceder a la toma de decisiones.<\/p>\n\n\n\n<h3 class=\"wp-block-heading\">Establecer una comunicaci\u00f3n directa<\/h3>\n\n\n\n<p>Todo directivo debe poseer la capacidad de entablar una comunicaci\u00f3n directa con su grupo de trabajo. Tanto en los niveles superiores como inferiores. Todo equipo de trabajo deben contra con una buena gesti\u00f3n de comunicaci\u00f3n, esto fortalecer\u00e1 el logro de los objetivos empresariales.<\/p>\n\n\n\n<h3 class=\"wp-block-heading\">Capacidad para negociar en el liderazgo como habilidad<\/h3>\n\n\n\n<p>Todo l\u00edder debe poseer las herramientas necesarias y la experiencia comprobada para saber negociar. En donde se tomen en consideraci\u00f3n diversas situaciones, como las crisis o aquellas en la que deban realizarse cambios estructurales.<\/p>\n\n\n\n<h3 class=\"wp-block-heading\">Organizaci\u00f3n de proyectos<\/h3>\n\n\n\n<p>No solo basta con desarrollar planes estrat\u00e9gicos, se deben implementar acciones concretas. Por lo que los lideres que ocupen puestos de responsabilidad y que poseen equipos de trabajo bajo su mandato. Deben dirigir y gestionar todos los proyectos que sean introducidos.<\/p>\n\n\n\n<p>Asimismo, <strong>es importante lograr controlar y gestionar al talento que tienen a cargo. Siempre pensando en el enfoque que debe darse al trabajo en equipo<\/strong>, tomando en consideraci\u00f3n el crecimiento laboral y la evoluci\u00f3n de cada uno de los miembros. El desarrollo debe ser el de todos.<\/p>\n\n\n\n<p>Saber dirigir un departamento o una unidad bajo la posici\u00f3n de un proyecto no es una tarea f\u00e1cil y simple. Necesita de\u00a0 conocimientos, experiencias y formaci\u00f3n. Por lo que es imprescindible lograr integrarse a un MBA <strong><a href=\"https:\/\/ceupelatam.com\/master-business-administration-cesuma\/\" target=\"_blank\" rel=\"noreferrer noopener\">Maestr\u00eda en Direcci\u00f3n y Administraci\u00f3n de Empresas<\/a>.<\/strong><\/p>\n","protected":false},"excerpt":{"rendered":"<p>No se trata de que exista un m\u00e9todo exacto que permita que toda persona desarrolle el liderazgo como habilidad. Se trata de la adquisici\u00f3n de conocimientos, de la experiencia y de la aplicaci\u00f3n de t\u00e9cnicas y procedimientos que llevaran a un l\u00edder a desarrollarse. Puede tratarse del car\u00e1cter y de capacidades que permiten a este [&hellip;]<\/p>\n","protected":false},"author":1,"featured_media":984,"comment_status":"open","ping_status":"open","sticky":false,"template":"","format":"standard","meta":{"footnotes":""},"categories":[18],"tags":[],"wf_post_folders":[],"class_list":{"0":"post-983","1":"post","2":"type-post","3":"status-publish","4":"format-standard","5":"has-post-thumbnail","7":"category-mba"},"yoast_head":"<!-- This site is optimized with the Yoast SEO plugin v22.6 - https:\/\/yoast.com\/wordpress\/plugins\/seo\/ -->\n<title>El liderazgo como habilidad directiva - Maestr\u00edas Online<\/title>\n<meta name=\"description\" content=\"El liderazgo como habilidad directiva tiene mucho que ver con las acciones que se toman para la gesti\u00f3n del personal de una organizaci\u00f3n.\" \/>\n<meta name=\"robots\" content=\"index, follow, max-snippet:-1, max-image-preview:large, max-video-preview:-1\" \/>\n<link rel=\"canonical\" href=\"https:\/\/ceupe.com.ar\/blog\/el-liderazgo-como-habilidad-directiva\/\" \/>\n<meta property=\"og:locale\" content=\"es_ES\" \/>\n<meta property=\"og:type\" content=\"article\" \/>\n<meta property=\"og:title\" content=\"El liderazgo como habilidad directiva - Maestr\u00edas Online\" \/>\n<meta property=\"og:description\" content=\"El liderazgo como habilidad directiva tiene mucho que ver con las acciones que se toman para la gesti\u00f3n del personal de una organizaci\u00f3n.\" \/>\n<meta property=\"og:url\" content=\"https:\/\/ceupe.com.ar\/blog\/el-liderazgo-como-habilidad-directiva\/\" \/>\n<meta property=\"og:site_name\" content=\"Maestr\u00edas Online\" \/>\n<meta property=\"article:published_time\" content=\"2021-05-31T20:56:16+00:00\" \/>\n<meta property=\"article:modified_time\" content=\"2023-03-28T12:36:38+00:00\" \/>\n<meta property=\"og:image\" content=\"https:\/\/ceupe.com.ar\/blog\/wp-content\/uploads\/2021\/05\/01-44-1.jpg\" \/>\n\t<meta property=\"og:image:width\" content=\"1000\" \/>\n\t<meta property=\"og:image:height\" content=\"667\" \/>\n\t<meta property=\"og:image:type\" content=\"image\/jpeg\" \/>\n<meta name=\"author\" content=\"admin\" \/>\n<meta name=\"twitter:card\" content=\"summary_large_image\" \/>\n<meta name=\"twitter:label1\" content=\"Escrito por\" \/>\n\t<meta name=\"twitter:data1\" content=\"admin\" \/>\n\t<meta name=\"twitter:label2\" content=\"Tiempo de lectura\" \/>\n\t<meta name=\"twitter:data2\" content=\"5 minutos\" \/>\n<script type=\"application\/ld+json\" class=\"yoast-schema-graph\">{\"@context\":\"https:\/\/schema.org\",\"@graph\":[{\"@type\":\"WebPage\",\"@id\":\"https:\/\/ceupe.com.ar\/blog\/el-liderazgo-como-habilidad-directiva\/\",\"url\":\"https:\/\/ceupe.com.ar\/blog\/el-liderazgo-como-habilidad-directiva\/\",\"name\":\"El liderazgo como habilidad directiva - Maestr\u00edas Online\",\"isPartOf\":{\"@id\":\"https:\/\/ceupe.com.ar\/blog\/#website\"},\"primaryImageOfPage\":{\"@id\":\"https:\/\/ceupe.com.ar\/blog\/el-liderazgo-como-habilidad-directiva\/#primaryimage\"},\"image\":{\"@id\":\"https:\/\/ceupe.com.ar\/blog\/el-liderazgo-como-habilidad-directiva\/#primaryimage\"},\"thumbnailUrl\":\"https:\/\/ceupe.com.ar\/blog\/wp-content\/uploads\/2021\/05\/01-44-1.jpg\",\"datePublished\":\"2021-05-31T20:56:16+00:00\",\"dateModified\":\"2023-03-28T12:36:38+00:00\",\"author\":{\"@id\":\"https:\/\/ceupe.com.ar\/blog\/#\/schema\/person\/c80ad0d710ec7f4dbd658262a8eeb9f5\"},\"description\":\"El liderazgo como habilidad directiva tiene mucho que ver con las acciones que se toman para la gesti\u00f3n del personal de una organizaci\u00f3n.\",\"breadcrumb\":{\"@id\":\"https:\/\/ceupe.com.ar\/blog\/el-liderazgo-como-habilidad-directiva\/#breadcrumb\"},\"inLanguage\":\"es\",\"potentialAction\":[{\"@type\":\"ReadAction\",\"target\":[\"https:\/\/ceupe.com.ar\/blog\/el-liderazgo-como-habilidad-directiva\/\"]}]},{\"@type\":\"ImageObject\",\"inLanguage\":\"es\",\"@id\":\"https:\/\/ceupe.com.ar\/blog\/el-liderazgo-como-habilidad-directiva\/#primaryimage\",\"url\":\"https:\/\/ceupe.com.ar\/blog\/wp-content\/uploads\/2021\/05\/01-44-1.jpg\",\"contentUrl\":\"https:\/\/ceupe.com.ar\/blog\/wp-content\/uploads\/2021\/05\/01-44-1.jpg\",\"width\":1000,\"height\":667},{\"@type\":\"BreadcrumbList\",\"@id\":\"https:\/\/ceupe.com.ar\/blog\/el-liderazgo-como-habilidad-directiva\/#breadcrumb\",\"itemListElement\":[{\"@type\":\"ListItem\",\"position\":1,\"name\":\"Portada\",\"item\":\"https:\/\/ceupe.com.ar\/blog\/\"},{\"@type\":\"ListItem\",\"position\":2,\"name\":\"El liderazgo como habilidad directiva\"}]},{\"@type\":\"WebSite\",\"@id\":\"https:\/\/ceupe.com.ar\/blog\/#website\",\"url\":\"https:\/\/ceupe.com.ar\/blog\/\",\"name\":\"Maestr\u00edas Online\",\"description\":\"Programas de Estudios Superiores Online a Distancia de Cursos, Maestr\u00edas y MBA\",\"potentialAction\":[{\"@type\":\"SearchAction\",\"target\":{\"@type\":\"EntryPoint\",\"urlTemplate\":\"https:\/\/ceupe.com.ar\/blog\/?s={search_term_string}\"},\"query-input\":\"required name=search_term_string\"}],\"inLanguage\":\"es\"},{\"@type\":\"Person\",\"@id\":\"https:\/\/ceupe.com.ar\/blog\/#\/schema\/person\/c80ad0d710ec7f4dbd658262a8eeb9f5\",\"name\":\"admin\",\"image\":{\"@type\":\"ImageObject\",\"inLanguage\":\"es\",\"@id\":\"https:\/\/ceupe.com.ar\/blog\/#\/schema\/person\/image\/\",\"url\":\"https:\/\/secure.gravatar.com\/avatar\/4d1e87bfdf3d3e06a908188637649f32101f5b498a8bb5c59d01eabedeaad1b2?s=96&d=mm&r=g\",\"contentUrl\":\"https:\/\/secure.gravatar.com\/avatar\/4d1e87bfdf3d3e06a908188637649f32101f5b498a8bb5c59d01eabedeaad1b2?s=96&d=mm&r=g\",\"caption\":\"admin\"},\"sameAs\":[\"https:\/\/ceupe.com.ar\/blog\"],\"url\":\"https:\/\/ceupe.com.ar\/blog\/author\/admin\/\"}]}<\/script>\n<!-- \/ Yoast SEO plugin. -->","yoast_head_json":{"title":"El liderazgo como habilidad directiva - Maestr\u00edas Online","description":"El liderazgo como habilidad directiva tiene mucho que ver con las acciones que se toman para la gesti\u00f3n del personal de una organizaci\u00f3n.","robots":{"index":"index","follow":"follow","max-snippet":"max-snippet:-1","max-image-preview":"max-image-preview:large","max-video-preview":"max-video-preview:-1"},"canonical":"https:\/\/ceupe.com.ar\/blog\/el-liderazgo-como-habilidad-directiva\/","og_locale":"es_ES","og_type":"article","og_title":"El liderazgo como habilidad directiva - Maestr\u00edas Online","og_description":"El liderazgo como habilidad directiva tiene mucho que ver con las acciones que se toman para la gesti\u00f3n del personal de una organizaci\u00f3n.","og_url":"https:\/\/ceupe.com.ar\/blog\/el-liderazgo-como-habilidad-directiva\/","og_site_name":"Maestr\u00edas Online","article_published_time":"2021-05-31T20:56:16+00:00","article_modified_time":"2023-03-28T12:36:38+00:00","og_image":[{"width":1000,"height":667,"url":"https:\/\/ceupe.com.ar\/blog\/wp-content\/uploads\/2021\/05\/01-44-1.jpg","type":"image\/jpeg"}],"author":"admin","twitter_card":"summary_large_image","twitter_misc":{"Escrito por":"admin","Tiempo de lectura":"5 minutos"},"schema":{"@context":"https:\/\/schema.org","@graph":[{"@type":"WebPage","@id":"https:\/\/ceupe.com.ar\/blog\/el-liderazgo-como-habilidad-directiva\/","url":"https:\/\/ceupe.com.ar\/blog\/el-liderazgo-como-habilidad-directiva\/","name":"El liderazgo como habilidad directiva - Maestr\u00edas Online","isPartOf":{"@id":"https:\/\/ceupe.com.ar\/blog\/#website"},"primaryImageOfPage":{"@id":"https:\/\/ceupe.com.ar\/blog\/el-liderazgo-como-habilidad-directiva\/#primaryimage"},"image":{"@id":"https:\/\/ceupe.com.ar\/blog\/el-liderazgo-como-habilidad-directiva\/#primaryimage"},"thumbnailUrl":"https:\/\/ceupe.com.ar\/blog\/wp-content\/uploads\/2021\/05\/01-44-1.jpg","datePublished":"2021-05-31T20:56:16+00:00","dateModified":"2023-03-28T12:36:38+00:00","author":{"@id":"https:\/\/ceupe.com.ar\/blog\/#\/schema\/person\/c80ad0d710ec7f4dbd658262a8eeb9f5"},"description":"El liderazgo como habilidad directiva tiene mucho que ver con las acciones que se toman para la gesti\u00f3n del personal de una organizaci\u00f3n.","breadcrumb":{"@id":"https:\/\/ceupe.com.ar\/blog\/el-liderazgo-como-habilidad-directiva\/#breadcrumb"},"inLanguage":"es","potentialAction":[{"@type":"ReadAction","target":["https:\/\/ceupe.com.ar\/blog\/el-liderazgo-como-habilidad-directiva\/"]}]},{"@type":"ImageObject","inLanguage":"es","@id":"https:\/\/ceupe.com.ar\/blog\/el-liderazgo-como-habilidad-directiva\/#primaryimage","url":"https:\/\/ceupe.com.ar\/blog\/wp-content\/uploads\/2021\/05\/01-44-1.jpg","contentUrl":"https:\/\/ceupe.com.ar\/blog\/wp-content\/uploads\/2021\/05\/01-44-1.jpg","width":1000,"height":667},{"@type":"BreadcrumbList","@id":"https:\/\/ceupe.com.ar\/blog\/el-liderazgo-como-habilidad-directiva\/#breadcrumb","itemListElement":[{"@type":"ListItem","position":1,"name":"Portada","item":"https:\/\/ceupe.com.ar\/blog\/"},{"@type":"ListItem","position":2,"name":"El liderazgo como habilidad directiva"}]},{"@type":"WebSite","@id":"https:\/\/ceupe.com.ar\/blog\/#website","url":"https:\/\/ceupe.com.ar\/blog\/","name":"Maestr\u00edas Online","description":"Programas de Estudios Superiores Online a Distancia de Cursos, Maestr\u00edas y MBA","potentialAction":[{"@type":"SearchAction","target":{"@type":"EntryPoint","urlTemplate":"https:\/\/ceupe.com.ar\/blog\/?s={search_term_string}"},"query-input":"required name=search_term_string"}],"inLanguage":"es"},{"@type":"Person","@id":"https:\/\/ceupe.com.ar\/blog\/#\/schema\/person\/c80ad0d710ec7f4dbd658262a8eeb9f5","name":"admin","image":{"@type":"ImageObject","inLanguage":"es","@id":"https:\/\/ceupe.com.ar\/blog\/#\/schema\/person\/image\/","url":"https:\/\/secure.gravatar.com\/avatar\/4d1e87bfdf3d3e06a908188637649f32101f5b498a8bb5c59d01eabedeaad1b2?s=96&d=mm&r=g","contentUrl":"https:\/\/secure.gravatar.com\/avatar\/4d1e87bfdf3d3e06a908188637649f32101f5b498a8bb5c59d01eabedeaad1b2?s=96&d=mm&r=g","caption":"admin"},"sameAs":["https:\/\/ceupe.com.ar\/blog"],"url":"https:\/\/ceupe.com.ar\/blog\/author\/admin\/"}]}},"_links":{"self":[{"href":"https:\/\/ceupe.com.ar\/blog\/wp-json\/wp\/v2\/posts\/983","targetHints":{"allow":["GET"]}}],"collection":[{"href":"https:\/\/ceupe.com.ar\/blog\/wp-json\/wp\/v2\/posts"}],"about":[{"href":"https:\/\/ceupe.com.ar\/blog\/wp-json\/wp\/v2\/types\/post"}],"author":[{"embeddable":true,"href":"https:\/\/ceupe.com.ar\/blog\/wp-json\/wp\/v2\/users\/1"}],"replies":[{"embeddable":true,"href":"https:\/\/ceupe.com.ar\/blog\/wp-json\/wp\/v2\/comments?post=983"}],"version-history":[{"count":1,"href":"https:\/\/ceupe.com.ar\/blog\/wp-json\/wp\/v2\/posts\/983\/revisions"}],"predecessor-version":[{"id":1945,"href":"https:\/\/ceupe.com.ar\/blog\/wp-json\/wp\/v2\/posts\/983\/revisions\/1945"}],"wp:featuredmedia":[{"embeddable":true,"href":"https:\/\/ceupe.com.ar\/blog\/wp-json\/wp\/v2\/media\/984"}],"wp:attachment":[{"href":"https:\/\/ceupe.com.ar\/blog\/wp-json\/wp\/v2\/media?parent=983"}],"wp:term":[{"taxonomy":"category","embeddable":true,"href":"https:\/\/ceupe.com.ar\/blog\/wp-json\/wp\/v2\/categories?post=983"},{"taxonomy":"post_tag","embeddable":true,"href":"https:\/\/ceupe.com.ar\/blog\/wp-json\/wp\/v2\/tags?post=983"},{"taxonomy":"wf_post_folders","embeddable":true,"href":"https:\/\/ceupe.com.ar\/blog\/wp-json\/wp\/v2\/wf_post_folders?post=983"}],"curies":[{"name":"wp","href":"https:\/\/api.w.org\/{rel}","templated":true}]}}