{"id":993,"date":"2021-04-08T05:19:19","date_gmt":"2021-04-08T05:19:19","guid":{"rendered":"https:\/\/ceupe.com.ar\/blog\/?p=372"},"modified":"2023-03-27T17:33:14","modified_gmt":"2023-03-27T17:33:14","slug":"gestion-ambiental","status":"publish","type":"post","link":"https:\/\/ceupe.com.ar\/blog\/gestion-ambiental\/","title":{"rendered":"Gesti\u00f3n Ambiental"},"content":{"rendered":"\n<h2 class=\"wp-block-heading\">\u00bfCu\u00e1les son los principios b\u00e1sicos de la Gesti\u00f3n Ambiental?<\/h2>\n\n\n\n<p>Debes tener en cuenta al conocer el t\u00e9rmino de gesti\u00f3n ambiental cu\u00e1les son los principios fundamentales a tomar en consideraci\u00f3n para lograr una aplicaci\u00f3n eficiente y segura: &nbsp;<\/p>\n\n\n\n<ul class=\"wp-block-list\">\n<li>Poseer el conocimiento necesario de lo que debe llevarse a cabo, asegurando que existe un compromiso ambiental y planteando las pol\u00edticas de resguardo.<\/li>\n\n\n\n<li>Construir planes de acciones que cumplan con los par\u00e1metros ambientales establecidos.<\/li>\n\n\n\n<li>Confirmar que existan las condiciones necesarias para cumplir con las metas y objetivos propuestos en el factor ambiental y hacer uso de las herramientas para que sean sustentadas.<\/li>\n\n\n\n<li>Elaborar las evaluaciones necesarias para las gestiones empresariales con respecto al medio ambiente.<\/li>\n\n\n\n<li>Realizar las revisiones basadas en las pol\u00edticas ambientales que se encuentren vigentes al momento.<\/li>\n<\/ul>\n\n\n\n<p>Los sistemas de Gesti\u00f3n Ambiental son aplicables a las empresas, industrias o prestadores de servicios. En principio tomando en consideraci\u00f3n los an\u00e1lisis y las actividades que desea ejecutar la empresa para lograr minimizar el impacto que pudiese generarse al medio ambiente.<\/p>\n\n\n\n<p>&nbsp;Ciertamente, se necesita de recursos financieros y humanos para poder implementar este tipo de estrategias dentro de las empresas o los entes gubernamentales, siendo este factor el mayor impedimento para implementar una gesti\u00f3n ambiental efectiva.<\/p>\n\n\n\n<h2 class=\"wp-block-heading\">\u00bfEs posible recibir estudios en Gesti\u00f3n Ambiental en la actualidad?<\/h2>\n\n\n\n<p>Totalmente, existen distintas instituciones que abren estudios en Gesti\u00f3n Ambiental, siendo una carrera que crea y promueve aquellos proyectos que trabajen en funci\u00f3n del medio ambiente y su cuidado. Aunado a ello, brinda los conocimientos necesarios para atacar las pol\u00edticas econ\u00f3micas, gubernamentales y sociales que proporcionar\u00e1n un desarrollo sustentable.<\/p>\n\n\n\n<p>La importancia de los profesionales en esta disciplina radica en la capacidad que poseen para implementar planes estrat\u00e9gicos para la preservaci\u00f3n del medio ambiente en el cual se desarrolla. La carrera en Gesti\u00f3n ambiental se encuentra directamente relacionada con otras disciplinas como la geograf\u00eda, sociolog\u00eda y geolog\u00eda.<\/p>\n\n\n\n<p>Es importante tomar en consideraci\u00f3n que esta carrera se encuentra directamente relacionada con muchos de los recursos de los cuales se dependen a diario, el uso del agua, el aire, los alimentos, incluso el crecimiento poblacional. De all\u00ed parten muchos de sus estudios, el impacto que causa esta condici\u00f3n sobre el ambiente.<\/p>\n\n\n\n<p>Es por ello que el compromiso que llega a ejercer un profesional en esta actividad &nbsp;tiene un efecto inmediato, origina medidas basadas en la recuperaci\u00f3n y cuidado de los recursos.<\/p>\n\n\n\n<h2 class=\"wp-block-heading\">Aplicaciones de un profesional en gesti\u00f3n ambiental en el \u00e1mbito laboral<\/h2>\n\n\n\n<p>Un profesional egresado de esta carrera podr\u00e1 ser capaz de aplicar las medidas y correctivos necesarios en el aspecto social y ambiental &nbsp;para que sean gestionados a nivel empresarial o gubernamental. Adem\u00e1s de cumplir con las funciones ejercidas en este tipo de gesti\u00f3n dentro de una organizaci\u00f3n. Se encuentra capacitado para elaborar y gestionar todos los planes para el manejo de los recursos de forma eficiente.<\/p>\n\n\n\n<p>Se ocupan del dise\u00f1o y la evaluaci\u00f3n de los recursos que se debe incluir dentro de los planes o gestiones y el impacto que podr\u00e1n ocasionar en el medio. Podr\u00e1n aplicar para la docencia e investigaci\u00f3n, as\u00ed como de la asesor\u00eda en las grandes corporaciones en cuanto a pol\u00edticas y normativas ambientales.<\/p>\n\n\n\n<h2 class=\"wp-block-heading\">Aplicaciones en el \u00e1mbito empresarial<\/h2>\n\n\n\n<p>Es muy sencillo encontrar toda una serie de actividades y medidas que se deben aplicar en el \u00e1mbito empresarial dentro de una gesti\u00f3n ambiental. En la actualidad son las grandes empresas las que mayores estrategias han asumido, en la b\u00fasqueda de mejorar su propia condici\u00f3n y la de su entorno.<\/p>\n\n\n\n<p>En el caso de las empresas que toman en consideraci\u00f3n estas acciones, aplican desde el m\u00e1s m\u00ednimo cambio hasta los m\u00e1s significativos. Un ejemplo de ello es la sustituci\u00f3n de las bombillas, la disminuci\u00f3n de los residuos o desechos y las normativas para la selecci\u00f3n de los mismos.<\/p>\n\n\n\n<p>Comenzar por estas peque\u00f1as acciones hace grandes cambios que finalmente promover\u00e1n resultados significativos dentro de la organizaci\u00f3n. No solo por el aporte que notablemente se ejerce sobre el medio ambiente, sino tambi\u00e9n por el cambio y el impacto que ello genera en la individualidad del trabajador.<\/p>\n\n\n\n<h2 class=\"wp-block-heading\">Aplicaciones en el \u00e1mbito social<\/h2>\n\n\n\n<p>Los profesionales en esta disciplina se encuentran sumergidos en un compromiso que promueva el disfrute de los recursos tanto en el presente como en el futuro. Procurando que las generaciones posteriores puedan hacer uso y disfrute de estos mismos recursos y servicios en la misma medida.<\/p>\n\n\n\n<p>Esta disciplina trabaja en funci\u00f3n del colectivo y del ser humano, la relaci\u00f3n que posee con el entorno y las condiciones \u00f3ptimas para un desarrollo sostenible. Cada d\u00eda es m\u00e1s la preocupaci\u00f3n por la protecci\u00f3n y el cuidado hacia el medio ambiente tanto de la sociedad como de las empresas u organizaciones, comportamiento que igualmente est\u00e1n imitando las instituciones gubernamentales.<\/p>\n\n\n\n<p>Este tipo de conocimientos son importantes para aprender a aplicar medidas necesarias a la conservaci\u00f3n del medio ambiente. Por ello, con la\u00a0<a href=\"https:\/\/ceupelatam.com\/maestria-gestion-medioambiental-universidad-cesuma\/\" target=\"_blank\" rel=\"noreferrer noopener\">Maestr\u00eda en Gesti\u00f3n Medioambiental<\/a>, vas a poder adquirir todos los conocimientos necesarios para ello.<\/p>\n","protected":false},"excerpt":{"rendered":"<p>\u00bfCu\u00e1les son los principios b\u00e1sicos de la Gesti\u00f3n Ambiental? Debes tener en cuenta al conocer el t\u00e9rmino de gesti\u00f3n ambiental cu\u00e1les son los principios fundamentales a tomar en consideraci\u00f3n para lograr una aplicaci\u00f3n eficiente y segura: &nbsp; Los sistemas de Gesti\u00f3n Ambiental son aplicables a las empresas, industrias o prestadores de servicios. En principio tomando [&hellip;]<\/p>\n","protected":false},"author":1,"featured_media":994,"comment_status":"open","ping_status":"open","sticky":false,"template":"","format":"standard","meta":{"footnotes":""},"categories":[11],"tags":[],"wf_post_folders":[],"class_list":{"0":"post-993","1":"post","2":"type-post","3":"status-publish","4":"format-standard","5":"has-post-thumbnail","7":"category-energias-renovables"},"yoast_head":"<!-- This site is optimized with the Yoast SEO plugin v22.6 - https:\/\/yoast.com\/wordpress\/plugins\/seo\/ -->\n<title>Gesti\u00f3n Ambiental - Maestr\u00edas Online<\/title>\n<meta name=\"description\" content=\"La gesti\u00f3n ambiental es un t\u00e9rmino usado en el \u00e1mbito laboral y empresarial para el manejo adecuado de los recursos no renovables en un entorno de desarrollo sustentable.\" \/>\n<meta name=\"robots\" content=\"index, follow, max-snippet:-1, max-image-preview:large, max-video-preview:-1\" \/>\n<link rel=\"canonical\" href=\"https:\/\/ceupe.com.ar\/blog\/gestion-ambiental\/\" \/>\n<meta property=\"og:locale\" content=\"es_ES\" \/>\n<meta property=\"og:type\" content=\"article\" \/>\n<meta property=\"og:title\" content=\"Gesti\u00f3n Ambiental - Maestr\u00edas Online\" \/>\n<meta property=\"og:description\" content=\"La gesti\u00f3n ambiental es un t\u00e9rmino usado en el \u00e1mbito laboral y empresarial para el manejo adecuado de los recursos no renovables en un entorno de desarrollo sustentable.\" \/>\n<meta property=\"og:url\" content=\"https:\/\/ceupe.com.ar\/blog\/gestion-ambiental\/\" \/>\n<meta property=\"og:site_name\" content=\"Maestr\u00edas Online\" \/>\n<meta property=\"article:published_time\" content=\"2021-04-08T05:19:19+00:00\" \/>\n<meta property=\"article:modified_time\" content=\"2023-03-27T17:33:14+00:00\" \/>\n<meta property=\"og:image\" content=\"https:\/\/ceupe.com.ar\/blog\/wp-content\/uploads\/2021\/04\/Gestion-Ambiental.jpg\" \/>\n\t<meta property=\"og:image:width\" content=\"1000\" \/>\n\t<meta property=\"og:image:height\" content=\"667\" \/>\n\t<meta property=\"og:image:type\" content=\"image\/jpeg\" \/>\n<meta name=\"author\" content=\"admin\" \/>\n<meta name=\"twitter:card\" content=\"summary_large_image\" \/>\n<meta name=\"twitter:label1\" content=\"Escrito por\" \/>\n\t<meta name=\"twitter:data1\" content=\"admin\" \/>\n\t<meta name=\"twitter:label2\" content=\"Tiempo de lectura\" \/>\n\t<meta name=\"twitter:data2\" content=\"4 minutos\" \/>\n<script type=\"application\/ld+json\" class=\"yoast-schema-graph\">{\"@context\":\"https:\/\/schema.org\",\"@graph\":[{\"@type\":\"WebPage\",\"@id\":\"https:\/\/ceupe.com.ar\/blog\/gestion-ambiental\/\",\"url\":\"https:\/\/ceupe.com.ar\/blog\/gestion-ambiental\/\",\"name\":\"Gesti\u00f3n Ambiental - Maestr\u00edas Online\",\"isPartOf\":{\"@id\":\"https:\/\/ceupe.com.ar\/blog\/#website\"},\"primaryImageOfPage\":{\"@id\":\"https:\/\/ceupe.com.ar\/blog\/gestion-ambiental\/#primaryimage\"},\"image\":{\"@id\":\"https:\/\/ceupe.com.ar\/blog\/gestion-ambiental\/#primaryimage\"},\"thumbnailUrl\":\"https:\/\/ceupe.com.ar\/blog\/wp-content\/uploads\/2021\/04\/Gestion-Ambiental.jpg\",\"datePublished\":\"2021-04-08T05:19:19+00:00\",\"dateModified\":\"2023-03-27T17:33:14+00:00\",\"author\":{\"@id\":\"https:\/\/ceupe.com.ar\/blog\/#\/schema\/person\/c80ad0d710ec7f4dbd658262a8eeb9f5\"},\"description\":\"La gesti\u00f3n ambiental es un t\u00e9rmino usado en el \u00e1mbito laboral y empresarial para el manejo adecuado de los recursos no renovables en un entorno de desarrollo sustentable.\",\"breadcrumb\":{\"@id\":\"https:\/\/ceupe.com.ar\/blog\/gestion-ambiental\/#breadcrumb\"},\"inLanguage\":\"es\",\"potentialAction\":[{\"@type\":\"ReadAction\",\"target\":[\"https:\/\/ceupe.com.ar\/blog\/gestion-ambiental\/\"]}]},{\"@type\":\"ImageObject\",\"inLanguage\":\"es\",\"@id\":\"https:\/\/ceupe.com.ar\/blog\/gestion-ambiental\/#primaryimage\",\"url\":\"https:\/\/ceupe.com.ar\/blog\/wp-content\/uploads\/2021\/04\/Gestion-Ambiental.jpg\",\"contentUrl\":\"https:\/\/ceupe.com.ar\/blog\/wp-content\/uploads\/2021\/04\/Gestion-Ambiental.jpg\",\"width\":1000,\"height\":667},{\"@type\":\"BreadcrumbList\",\"@id\":\"https:\/\/ceupe.com.ar\/blog\/gestion-ambiental\/#breadcrumb\",\"itemListElement\":[{\"@type\":\"ListItem\",\"position\":1,\"name\":\"Portada\",\"item\":\"https:\/\/ceupe.com.ar\/blog\/\"},{\"@type\":\"ListItem\",\"position\":2,\"name\":\"Gesti\u00f3n Ambiental\"}]},{\"@type\":\"WebSite\",\"@id\":\"https:\/\/ceupe.com.ar\/blog\/#website\",\"url\":\"https:\/\/ceupe.com.ar\/blog\/\",\"name\":\"Maestr\u00edas Online\",\"description\":\"Programas de Estudios Superiores Online a Distancia de Cursos, Maestr\u00edas y MBA\",\"potentialAction\":[{\"@type\":\"SearchAction\",\"target\":{\"@type\":\"EntryPoint\",\"urlTemplate\":\"https:\/\/ceupe.com.ar\/blog\/?s={search_term_string}\"},\"query-input\":\"required name=search_term_string\"}],\"inLanguage\":\"es\"},{\"@type\":\"Person\",\"@id\":\"https:\/\/ceupe.com.ar\/blog\/#\/schema\/person\/c80ad0d710ec7f4dbd658262a8eeb9f5\",\"name\":\"admin\",\"image\":{\"@type\":\"ImageObject\",\"inLanguage\":\"es\",\"@id\":\"https:\/\/ceupe.com.ar\/blog\/#\/schema\/person\/image\/\",\"url\":\"https:\/\/secure.gravatar.com\/avatar\/4d1e87bfdf3d3e06a908188637649f32101f5b498a8bb5c59d01eabedeaad1b2?s=96&d=mm&r=g\",\"contentUrl\":\"https:\/\/secure.gravatar.com\/avatar\/4d1e87bfdf3d3e06a908188637649f32101f5b498a8bb5c59d01eabedeaad1b2?s=96&d=mm&r=g\",\"caption\":\"admin\"},\"sameAs\":[\"https:\/\/ceupe.com.ar\/blog\"],\"url\":\"https:\/\/ceupe.com.ar\/blog\/author\/admin\/\"}]}<\/script>\n<!-- \/ Yoast SEO plugin. -->","yoast_head_json":{"title":"Gesti\u00f3n Ambiental - Maestr\u00edas Online","description":"La gesti\u00f3n ambiental es un t\u00e9rmino usado en el \u00e1mbito laboral y empresarial para el manejo adecuado de los recursos no renovables en un entorno de desarrollo sustentable.","robots":{"index":"index","follow":"follow","max-snippet":"max-snippet:-1","max-image-preview":"max-image-preview:large","max-video-preview":"max-video-preview:-1"},"canonical":"https:\/\/ceupe.com.ar\/blog\/gestion-ambiental\/","og_locale":"es_ES","og_type":"article","og_title":"Gesti\u00f3n Ambiental - Maestr\u00edas Online","og_description":"La gesti\u00f3n ambiental es un t\u00e9rmino usado en el \u00e1mbito laboral y empresarial para el manejo adecuado de los recursos no renovables en un entorno de desarrollo sustentable.","og_url":"https:\/\/ceupe.com.ar\/blog\/gestion-ambiental\/","og_site_name":"Maestr\u00edas Online","article_published_time":"2021-04-08T05:19:19+00:00","article_modified_time":"2023-03-27T17:33:14+00:00","og_image":[{"width":1000,"height":667,"url":"https:\/\/ceupe.com.ar\/blog\/wp-content\/uploads\/2021\/04\/Gestion-Ambiental.jpg","type":"image\/jpeg"}],"author":"admin","twitter_card":"summary_large_image","twitter_misc":{"Escrito por":"admin","Tiempo de lectura":"4 minutos"},"schema":{"@context":"https:\/\/schema.org","@graph":[{"@type":"WebPage","@id":"https:\/\/ceupe.com.ar\/blog\/gestion-ambiental\/","url":"https:\/\/ceupe.com.ar\/blog\/gestion-ambiental\/","name":"Gesti\u00f3n Ambiental - Maestr\u00edas Online","isPartOf":{"@id":"https:\/\/ceupe.com.ar\/blog\/#website"},"primaryImageOfPage":{"@id":"https:\/\/ceupe.com.ar\/blog\/gestion-ambiental\/#primaryimage"},"image":{"@id":"https:\/\/ceupe.com.ar\/blog\/gestion-ambiental\/#primaryimage"},"thumbnailUrl":"https:\/\/ceupe.com.ar\/blog\/wp-content\/uploads\/2021\/04\/Gestion-Ambiental.jpg","datePublished":"2021-04-08T05:19:19+00:00","dateModified":"2023-03-27T17:33:14+00:00","author":{"@id":"https:\/\/ceupe.com.ar\/blog\/#\/schema\/person\/c80ad0d710ec7f4dbd658262a8eeb9f5"},"description":"La gesti\u00f3n ambiental es un t\u00e9rmino usado en el \u00e1mbito laboral y empresarial para el manejo adecuado de los recursos no renovables en un entorno de desarrollo sustentable.","breadcrumb":{"@id":"https:\/\/ceupe.com.ar\/blog\/gestion-ambiental\/#breadcrumb"},"inLanguage":"es","potentialAction":[{"@type":"ReadAction","target":["https:\/\/ceupe.com.ar\/blog\/gestion-ambiental\/"]}]},{"@type":"ImageObject","inLanguage":"es","@id":"https:\/\/ceupe.com.ar\/blog\/gestion-ambiental\/#primaryimage","url":"https:\/\/ceupe.com.ar\/blog\/wp-content\/uploads\/2021\/04\/Gestion-Ambiental.jpg","contentUrl":"https:\/\/ceupe.com.ar\/blog\/wp-content\/uploads\/2021\/04\/Gestion-Ambiental.jpg","width":1000,"height":667},{"@type":"BreadcrumbList","@id":"https:\/\/ceupe.com.ar\/blog\/gestion-ambiental\/#breadcrumb","itemListElement":[{"@type":"ListItem","position":1,"name":"Portada","item":"https:\/\/ceupe.com.ar\/blog\/"},{"@type":"ListItem","position":2,"name":"Gesti\u00f3n Ambiental"}]},{"@type":"WebSite","@id":"https:\/\/ceupe.com.ar\/blog\/#website","url":"https:\/\/ceupe.com.ar\/blog\/","name":"Maestr\u00edas Online","description":"Programas de Estudios Superiores Online a Distancia de Cursos, Maestr\u00edas y MBA","potentialAction":[{"@type":"SearchAction","target":{"@type":"EntryPoint","urlTemplate":"https:\/\/ceupe.com.ar\/blog\/?s={search_term_string}"},"query-input":"required name=search_term_string"}],"inLanguage":"es"},{"@type":"Person","@id":"https:\/\/ceupe.com.ar\/blog\/#\/schema\/person\/c80ad0d710ec7f4dbd658262a8eeb9f5","name":"admin","image":{"@type":"ImageObject","inLanguage":"es","@id":"https:\/\/ceupe.com.ar\/blog\/#\/schema\/person\/image\/","url":"https:\/\/secure.gravatar.com\/avatar\/4d1e87bfdf3d3e06a908188637649f32101f5b498a8bb5c59d01eabedeaad1b2?s=96&d=mm&r=g","contentUrl":"https:\/\/secure.gravatar.com\/avatar\/4d1e87bfdf3d3e06a908188637649f32101f5b498a8bb5c59d01eabedeaad1b2?s=96&d=mm&r=g","caption":"admin"},"sameAs":["https:\/\/ceupe.com.ar\/blog"],"url":"https:\/\/ceupe.com.ar\/blog\/author\/admin\/"}]}},"_links":{"self":[{"href":"https:\/\/ceupe.com.ar\/blog\/wp-json\/wp\/v2\/posts\/993","targetHints":{"allow":["GET"]}}],"collection":[{"href":"https:\/\/ceupe.com.ar\/blog\/wp-json\/wp\/v2\/posts"}],"about":[{"href":"https:\/\/ceupe.com.ar\/blog\/wp-json\/wp\/v2\/types\/post"}],"author":[{"embeddable":true,"href":"https:\/\/ceupe.com.ar\/blog\/wp-json\/wp\/v2\/users\/1"}],"replies":[{"embeddable":true,"href":"https:\/\/ceupe.com.ar\/blog\/wp-json\/wp\/v2\/comments?post=993"}],"version-history":[{"count":1,"href":"https:\/\/ceupe.com.ar\/blog\/wp-json\/wp\/v2\/posts\/993\/revisions"}],"predecessor-version":[{"id":1744,"href":"https:\/\/ceupe.com.ar\/blog\/wp-json\/wp\/v2\/posts\/993\/revisions\/1744"}],"wp:featuredmedia":[{"embeddable":true,"href":"https:\/\/ceupe.com.ar\/blog\/wp-json\/wp\/v2\/media\/994"}],"wp:attachment":[{"href":"https:\/\/ceupe.com.ar\/blog\/wp-json\/wp\/v2\/media?parent=993"}],"wp:term":[{"taxonomy":"category","embeddable":true,"href":"https:\/\/ceupe.com.ar\/blog\/wp-json\/wp\/v2\/categories?post=993"},{"taxonomy":"post_tag","embeddable":true,"href":"https:\/\/ceupe.com.ar\/blog\/wp-json\/wp\/v2\/tags?post=993"},{"taxonomy":"wf_post_folders","embeddable":true,"href":"https:\/\/ceupe.com.ar\/blog\/wp-json\/wp\/v2\/wf_post_folders?post=993"}],"curies":[{"name":"wp","href":"https:\/\/api.w.org\/{rel}","templated":true}]}}